{"id":268191,"date":"2024-06-24T08:35:12","date_gmt":"2024-06-24T06:35:12","guid":{"rendered":"https:\/\/ga-p.servidortemporal.net\/noticia\/requests-to-change-the-timetable-in-order-to-reconcile-work-and-family-life-soar-el-mundo\/"},"modified":"2024-09-12T16:27:17","modified_gmt":"2024-09-12T14:27:17","slug":"requests-to-change-the-timetable-in-order-to-reconcile-work-and-family-life-soar-el-mundo","status":"publish","type":"noticia","link":"https:\/\/ga-p.com\/en\/news\/requests-to-change-the-timetable-in-order-to-reconcile-work-and-family-life-soar-el-mundo\/","title":{"rendered":"Requests to change the timetable in order to reconcile work and family life soar | El Mundo"},"content":{"rendered":"<div id=\"ColumnaMasSidebar-block_abd7bf33bd650f4c329382f6bf086601\" class=\"ColumnaMasSidebar v1\">\n    <div class=\"container\">\n                <div class=\"hero-inner-blocks\">\n<div id=\"ColumnaIzquierda-block_308d6a306cb52a2383c40f74e72d3fcc\" class=\"blanco ColumnaIzquierda\">\n    <div class=\"acf-innerblocks-container\">\n\nEl Mundo publishes an article on the commerce sector. It explains how medium-sized companies in Spain are optimistic about their future, with a 57% increase in the belief that their income will increase in the next twelve months. However, only 18% consider increasing the salaries of their workers. Almost half of these companies consider competing in the international market in the near future, as they see internationalisation as an opportunity for growth. Despite the good prospects, companies also face some obstacles, such as finding suitable staff, economic uncertainty and excessive regulation.<br \/>\r\n<br \/>\r\nIgnacio del Fraile and Lourdes Escassi, partner and labour counsel at G\u00f3mez-Acebo &amp; Pombo, state in this article that, increasingly, employees are looking to work from Monday to Friday at large brands to avoid weekends. They say that &#8220;if the request is denied, the judge could allow the company to reorganise its schedules if it has many employees, but if it is accepted, it could create a risky precedent due to the possible &#8220;pull&#8221; effect&#8221;.<br \/>\r\n<br \/>\r\n<a href=\"https:\/\/ga-p.com\/wp-content\/uploads\/2024\/06\/noticia-dia-24.pdf\">Read the full article.<\/a>\n\n\n<p style=\"margin-top: 20px;\"><\/p>\n\n\n<\/div>\n<\/div>\n\n<div id=\"ColumnaSidebar-block_82649e27d2e2cba4aad4d89880a02afa\" class=\"blanco ColumnaSidebar\">\n    <div class=\"acf-innerblocks-container\">\n\n\n<div id=\"NoticiaPublicacionInformacion-block_c7751f1fde110f3afc37a3a5d65eb6c4\" class=\"NoticiaPublicacionInformacion\">\n\n    <div class=\"personal_office\">\n        <div class=\"personal\">\n\n            \n                            <div class=\"abogados\">\n                    <div class=\"titleCategoria\">Lawyer mentioned<\/div>\n                    <div class=\"out itemCont\">\n                                                                                    <p class=\"item\">\n                                    <span class=\"rectangleBlu\"> <\/span>\n                                                                        <a href=\"https:\/\/ga-p.com\/pt-pt\/pessoa\/ignacio-del-fraile\/\" class=\"nameAuthor\">Ignacio del Fraile<\/a>\n                                                                        <span class=\"charge\"> &#8211; S\u00f3cio<\/span>\n                                <\/p>\n                                                                                                                <p class=\"item\">\n                                    <span class=\"rectangleBlu\"> <\/span>\n                                                                        <a href=\"https:\/\/ga-p.com\/en\/person\/lourdes-escassi\/\" class=\"nameAuthor\">Lourdes Escassi<\/a>\n                                                                        <span class=\"charge\"> &#8211; Counsel<\/span>\n                                <\/p>\n                                                                        <\/div>\n                                    <\/div>\n            \n            \n                        <div class=\"areas_sectores\">\n                <div class=\"titleCategoria\">Areas and sectors<\/div>\n                                    <p class=\"item\">\n                        <span class=\"rectangleBlu\"> <\/span>\n                        <a href=\"https:\/\/ga-p.com\/en\/area\/employment\/\" class=\"nameAuthor\">Employment<\/a>\n                    <\/p>\n                                            <\/div>\n                <\/div>\n<\/div>\n\n<\/div>\n<\/div>\n\n<\/div>\n\n    <\/div>\n\n<\/div>\n\n\n<div id=\"ColumnaMasSidebar-block_1c6c2b76f5db5d78585bc7480a83126f\" class=\"ColumnaMasSidebar v1\">\n    <div class=\"container\">\n                <div class=\"hero-inner-blocks\">\n<div id=\"ColumnaIzquierda-block_308d6a306cb52a2383c40f74e72d3fcc\" class=\"blanco ColumnaIzquierda\">\n    <div class=\"acf-innerblocks-container\">\n\n<div id=\"AnteriorSiguiente-block_4ebd20765d0d1e61b4890ee881848b78\" class=\"AnteriorSiguiente\">\n\n\n            <div class=\"containerButtons\">\n            <a class=\"primaryCta prev \" href=\"https:\/\/ga-p.com\/en\/news\/ga_p-advises-grupo-beachbox-on-the-sale-of-hotel-six-senses-ibiza\/\" target=\"_self\" title=\"prev post\">See previous                <img decoding=\"async\" alt=\"icon\" src=\"https:\/\/ga-p.com\/wp-content\/themes\/ga-p\/assets\/images\/arrow-left-primary.svg\" \/>\n            <\/a>\n            <a class=\"primaryCta next \" href=\"https:\/\/ga-p.com\/en\/news\/what-is-the-economic-and-social-impact-of-the-legal-sector-expansion\/\" target=\"_self\" title=\"next post\">See next                <img decoding=\"async\" alt=\"icon\" src=\"https:\/\/ga-p.com\/wp-content\/themes\/ga-p\/assets\/images\/arrow-right-primary.svg\" \/>\n            <\/a>\n        <\/div>\n    <\/div>\n<\/div>\n<\/div>\n\n<div id=\"ColumnaSidebar-block_82649e27d2e2cba4aad4d89880a02afa\" class=\"blanco ColumnaSidebar\">\n    <div class=\"acf-innerblocks-container\"><\/div>\n<\/div>\n\n<\/div>\n\n    <\/div>\n\n<\/div>\n","protected":false},"excerpt":{"rendered":"<p>El Mundo publishes an article on the commerce sector. It explains how medium-sized companies in Spain are optimistic about their future, with a 57% increase in the belief that their income will increase in the next twelve months. However, only 18% consider increasing the salaries of their workers. Almost half of these companies consider competing&#8230;<\/p>\n","protected":false},"featured_media":0,"template":"","categoria":[],"class_list":["post-268191","noticia","type-noticia","status-publish","hentry"],"acf":[],"yoast_head":"<!-- This site is optimized with the Yoast SEO plugin v27.3 - https:\/\/yoast.com\/product\/yoast-seo-wordpress\/ -->\n<title>Requests to change the timetable in order to reconcile work and family life soar | El Mundo - Despacho de abogados G\u00f3mez-Acebo y Pombo<\/title>\n<meta name=\"robots\" content=\"index, follow, max-snippet:-1, max-image-preview:large, max-video-preview:-1\" \/>\n<link rel=\"canonical\" href=\"https:\/\/ga-p.com\/en\/news\/requests-to-change-the-timetable-in-order-to-reconcile-work-and-family-life-soar-el-mundo\/\" \/>\n<meta property=\"og:locale\" content=\"en_US\" \/>\n<meta property=\"og:type\" content=\"article\" \/>\n<meta property=\"og:title\" content=\"Requests to change the timetable in order to reconcile work and family life soar | El Mundo - Despacho de abogados G\u00f3mez-Acebo y Pombo\" \/>\n<meta property=\"og:description\" content=\"El Mundo publishes an article on the commerce sector. It explains how medium-sized companies in Spain are optimistic about their future, with a 57% increase in the belief that their income will increase in the next twelve months. However, only 18% consider increasing the salaries of their workers. Almost half of these companies consider competing...\" \/>\n<meta property=\"og:url\" content=\"https:\/\/ga-p.com\/en\/news\/requests-to-change-the-timetable-in-order-to-reconcile-work-and-family-life-soar-el-mundo\/\" \/>\n<meta property=\"og:site_name\" content=\"Despacho de abogados G\u00f3mez-Acebo y Pombo\" \/>\n<meta property=\"article:modified_time\" content=\"2024-09-12T14:27:17+00:00\" \/>\n<meta name=\"twitter:card\" content=\"summary_large_image\" \/>\n<meta name=\"twitter:label1\" content=\"Est. reading time\" \/>\n\t<meta name=\"twitter:data1\" content=\"1 minute\" \/>\n<script type=\"application\/ld+json\" class=\"yoast-schema-graph\">{\"@context\":\"https:\\\/\\\/schema.org\",\"@graph\":[{\"@type\":\"WebPage\",\"@id\":\"https:\\\/\\\/ga-p.com\\\/en\\\/news\\\/requests-to-change-the-timetable-in-order-to-reconcile-work-and-family-life-soar-el-mundo\\\/\",\"url\":\"https:\\\/\\\/ga-p.com\\\/en\\\/news\\\/requests-to-change-the-timetable-in-order-to-reconcile-work-and-family-life-soar-el-mundo\\\/\",\"name\":\"Requests to change the timetable in order to reconcile work and family life soar | El Mundo - Despacho de abogados G\u00f3mez-Acebo y Pombo\",\"isPartOf\":{\"@id\":\"https:\\\/\\\/ga-p.com\\\/en\\\/#website\"},\"datePublished\":\"2024-06-24T06:35:12+00:00\",\"dateModified\":\"2024-09-12T14:27:17+00:00\",\"breadcrumb\":{\"@id\":\"https:\\\/\\\/ga-p.com\\\/en\\\/news\\\/requests-to-change-the-timetable-in-order-to-reconcile-work-and-family-life-soar-el-mundo\\\/#breadcrumb\"},\"inLanguage\":\"en-US\",\"potentialAction\":[{\"@type\":\"ReadAction\",\"target\":[\"https:\\\/\\\/ga-p.com\\\/en\\\/news\\\/requests-to-change-the-timetable-in-order-to-reconcile-work-and-family-life-soar-el-mundo\\\/\"]}]},{\"@type\":\"BreadcrumbList\",\"@id\":\"https:\\\/\\\/ga-p.com\\\/en\\\/news\\\/requests-to-change-the-timetable-in-order-to-reconcile-work-and-family-life-soar-el-mundo\\\/#breadcrumb\",\"itemListElement\":[{\"@type\":\"ListItem\",\"position\":1,\"name\":\"Portada\",\"item\":\"https:\\\/\\\/ga-p.com\\\/en\\\/\"},{\"@type\":\"ListItem\",\"position\":2,\"name\":\"Requests to change the timetable in order to reconcile work and family life soar | El Mundo\"}]},{\"@type\":\"WebSite\",\"@id\":\"https:\\\/\\\/ga-p.com\\\/en\\\/#website\",\"url\":\"https:\\\/\\\/ga-p.com\\\/en\\\/\",\"name\":\"Despacho de abogados G\u00f3mez-Acebo & Pombo\",\"description\":\"G\u00f3mez-Acebo y Pombo es una firma de abogados independiente, con experiencia internacional, especializada en todas las \u00e1reas del derecho de los negocio.\",\"publisher\":{\"@id\":\"https:\\\/\\\/ga-p.com\\\/en\\\/#organization\"},\"potentialAction\":[{\"@type\":\"SearchAction\",\"target\":{\"@type\":\"EntryPoint\",\"urlTemplate\":\"https:\\\/\\\/ga-p.com\\\/en\\\/?s={search_term_string}\"},\"query-input\":{\"@type\":\"PropertyValueSpecification\",\"valueRequired\":true,\"valueName\":\"search_term_string\"}}],\"inLanguage\":\"en-US\"},{\"@type\":\"Organization\",\"@id\":\"https:\\\/\\\/ga-p.com\\\/en\\\/#organization\",\"name\":\"Despacho de abogados G\u00f3mez-Acebo & Pombo\",\"url\":\"https:\\\/\\\/ga-p.com\\\/en\\\/\",\"logo\":{\"@type\":\"ImageObject\",\"inLanguage\":\"en-US\",\"@id\":\"https:\\\/\\\/ga-p.com\\\/en\\\/#\\\/schema\\\/logo\\\/image\\\/\",\"url\":\"https:\\\/\\\/ga-p.com\\\/wp-content\\\/uploads\\\/2024\\\/09\\\/Logo-1-1.svg\",\"contentUrl\":\"https:\\\/\\\/ga-p.com\\\/wp-content\\\/uploads\\\/2024\\\/09\\\/Logo-1-1.svg\",\"caption\":\"Despacho de abogados G\u00f3mez-Acebo & Pombo\"},\"image\":{\"@id\":\"https:\\\/\\\/ga-p.com\\\/en\\\/#\\\/schema\\\/logo\\\/image\\\/\"}}]}<\/script>\n<!-- \/ Yoast SEO plugin. -->","yoast_head_json":{"title":"Requests to change the timetable in order to reconcile work and family life soar | El Mundo - Despacho de abogados G\u00f3mez-Acebo y Pombo","robots":{"index":"index","follow":"follow","max-snippet":"max-snippet:-1","max-image-preview":"max-image-preview:large","max-video-preview":"max-video-preview:-1"},"canonical":"https:\/\/ga-p.com\/en\/news\/requests-to-change-the-timetable-in-order-to-reconcile-work-and-family-life-soar-el-mundo\/","og_locale":"en_US","og_type":"article","og_title":"Requests to change the timetable in order to reconcile work and family life soar | El Mundo - Despacho de abogados G\u00f3mez-Acebo y Pombo","og_description":"El Mundo publishes an article on the commerce sector. It explains how medium-sized companies in Spain are optimistic about their future, with a 57% increase in the belief that their income will increase in the next twelve months. However, only 18% consider increasing the salaries of their workers. Almost half of these companies consider competing...","og_url":"https:\/\/ga-p.com\/en\/news\/requests-to-change-the-timetable-in-order-to-reconcile-work-and-family-life-soar-el-mundo\/","og_site_name":"Despacho de abogados G\u00f3mez-Acebo y Pombo","article_modified_time":"2024-09-12T14:27:17+00:00","twitter_card":"summary_large_image","twitter_misc":{"Est. reading time":"1 minute"},"schema":{"@context":"https:\/\/schema.org","@graph":[{"@type":"WebPage","@id":"https:\/\/ga-p.com\/en\/news\/requests-to-change-the-timetable-in-order-to-reconcile-work-and-family-life-soar-el-mundo\/","url":"https:\/\/ga-p.com\/en\/news\/requests-to-change-the-timetable-in-order-to-reconcile-work-and-family-life-soar-el-mundo\/","name":"Requests to change the timetable in order to reconcile work and family life soar | El Mundo - Despacho de abogados G\u00f3mez-Acebo y Pombo","isPartOf":{"@id":"https:\/\/ga-p.com\/en\/#website"},"datePublished":"2024-06-24T06:35:12+00:00","dateModified":"2024-09-12T14:27:17+00:00","breadcrumb":{"@id":"https:\/\/ga-p.com\/en\/news\/requests-to-change-the-timetable-in-order-to-reconcile-work-and-family-life-soar-el-mundo\/#breadcrumb"},"inLanguage":"en-US","potentialAction":[{"@type":"ReadAction","target":["https:\/\/ga-p.com\/en\/news\/requests-to-change-the-timetable-in-order-to-reconcile-work-and-family-life-soar-el-mundo\/"]}]},{"@type":"BreadcrumbList","@id":"https:\/\/ga-p.com\/en\/news\/requests-to-change-the-timetable-in-order-to-reconcile-work-and-family-life-soar-el-mundo\/#breadcrumb","itemListElement":[{"@type":"ListItem","position":1,"name":"Portada","item":"https:\/\/ga-p.com\/en\/"},{"@type":"ListItem","position":2,"name":"Requests to change the timetable in order to reconcile work and family life soar | El Mundo"}]},{"@type":"WebSite","@id":"https:\/\/ga-p.com\/en\/#website","url":"https:\/\/ga-p.com\/en\/","name":"Despacho de abogados G\u00f3mez-Acebo & Pombo","description":"G\u00f3mez-Acebo y Pombo es una firma de abogados independiente, con experiencia internacional, especializada en todas las \u00e1reas del derecho de los negocio.","publisher":{"@id":"https:\/\/ga-p.com\/en\/#organization"},"potentialAction":[{"@type":"SearchAction","target":{"@type":"EntryPoint","urlTemplate":"https:\/\/ga-p.com\/en\/?s={search_term_string}"},"query-input":{"@type":"PropertyValueSpecification","valueRequired":true,"valueName":"search_term_string"}}],"inLanguage":"en-US"},{"@type":"Organization","@id":"https:\/\/ga-p.com\/en\/#organization","name":"Despacho de abogados G\u00f3mez-Acebo & Pombo","url":"https:\/\/ga-p.com\/en\/","logo":{"@type":"ImageObject","inLanguage":"en-US","@id":"https:\/\/ga-p.com\/en\/#\/schema\/logo\/image\/","url":"https:\/\/ga-p.com\/wp-content\/uploads\/2024\/09\/Logo-1-1.svg","contentUrl":"https:\/\/ga-p.com\/wp-content\/uploads\/2024\/09\/Logo-1-1.svg","caption":"Despacho de abogados G\u00f3mez-Acebo & Pombo"},"image":{"@id":"https:\/\/ga-p.com\/en\/#\/schema\/logo\/image\/"}}]}},"_links":{"self":[{"href":"https:\/\/ga-p.com\/en\/wp-json\/wp\/v2\/noticia\/268191","targetHints":{"allow":["GET"]}}],"collection":[{"href":"https:\/\/ga-p.com\/en\/wp-json\/wp\/v2\/noticia"}],"about":[{"href":"https:\/\/ga-p.com\/en\/wp-json\/wp\/v2\/types\/noticia"}],"wp:attachment":[{"href":"https:\/\/ga-p.com\/en\/wp-json\/wp\/v2\/media?parent=268191"}],"wp:term":[{"taxonomy":"categoria","embeddable":true,"href":"https:\/\/ga-p.com\/en\/wp-json\/wp\/v2\/categoria?post=268191"}],"curies":[{"name":"wp","href":"https:\/\/api.w.org\/{rel}","templated":true}]}}