{"id":268893,"date":"2023-06-05T09:51:50","date_gmt":"2023-06-05T07:51:50","guid":{"rendered":"https:\/\/ga-p.servidortemporal.net\/noticia\/the-national-court-relaxes-the-conditions-for-carrying-out-a-preventive-erte-temporary-lay-off-el-confidencial\/"},"modified":"2023-06-05T09:51:50","modified_gmt":"2023-06-05T07:51:50","slug":"the-national-court-relaxes-the-conditions-for-carrying-out-a-preventive-erte-temporary-lay-off-el-confidencial","status":"publish","type":"noticia","link":"https:\/\/ga-p.com\/en\/news\/the-national-court-relaxes-the-conditions-for-carrying-out-a-preventive-erte-temporary-lay-off-el-confidencial\/","title":{"rendered":"The National Court relaxes the conditions for carrying out a preventive ERTE (temporary lay-off) | El Confidencial"},"content":{"rendered":"<div id=\"ColumnaMasSidebar-block_768559600701557019e38be03ed42749\" class=\"ColumnaMasSidebar v1\">\n    <div class=\"container\">\n                <div class=\"hero-inner-blocks\">\n<div id=\"ColumnaIzquierda-block_3c2a89eb3e6bf3e0be696d83957048bd\" class=\"blanco ColumnaIzquierda\">\n    <div class=\"acf-innerblocks-container\">\n\nThe National Court has made the assumptions for carrying out an ERTE more flexible. This article in El Confidencial includes statements by Ignacio del Fraile, coordinating partner of the labour law department. &#8220;When the regulations talk about previsions, they only talk about economic causes. However, the Court of Appeal applies the provision to other types of causes&#8221;.<br \/>\r\n<br \/>\r\n<a href=\"https:\/\/ga-p.com\/wp-content\/uploads\/2023\/06\/La-Audiencia-Nacional-flexibiliza-los-supuestos-para-realizar-un-ERTE-preventivo.pdf\" target=\"_blank\" rel=\"noopener noreferrer\">See the full article.<\/a>\n\n\n<p style=\"margin-top: 20px;\"><\/p>\n\n\n<\/div>\n<\/div>\n\n<div id=\"ColumnaSidebar-block_c67e8dd45c38f3e4099bb62f13a33762\" class=\"blanco ColumnaSidebar\">\n    <div class=\"acf-innerblocks-container\">\n\n\n<div id=\"NoticiaPublicacionInformacion-block_7b5a2fb0f19540bf182deda0973c55e9\" class=\"NoticiaPublicacionInformacion\">\n\n    <div class=\"personal_office\">\n        <div class=\"personal\">\n\n            \n                            <div class=\"abogados\">\n                    <div class=\"titleCategoria\">Lawyer mentioned<\/div>\n                    <div class=\"out itemCont\">\n                                                                                    <p class=\"item\">\n                                    <span class=\"rectangleBlu\"> <\/span>\n                                                                        <a href=\"https:\/\/ga-p.com\/en\/person\/ignacio-del-fraile\/\" class=\"nameAuthor\">Ignacio del Fraile<\/a>\n                                                                        <span class=\"charge\"> &#8211; Partner<\/span>\n                                <\/p>\n                                                                        <\/div>\n                                    <\/div>\n            \n            \n                        <div class=\"areas_sectores\">\n                <div class=\"titleCategoria\">Areas and sectors<\/div>\n                                                        <p class=\"item\">\n                        <span class=\"rectangleBlu\"> <\/span>\n                        <a href=\"https:\/\/ga-p.com\/en\/area\/employment\/\" class=\"nameAuthor\">Employment<\/a>\n                    <\/p>\n                                                                <\/div>\n                <\/div>\n<\/div>\n\n<\/div>\n<\/div>\n\n<\/div>\n\n    <\/div>\n\n<\/div>\n\n\n<div id=\"ColumnaMasSidebar-block_07d1929771fd977c308180d814e5cc57\" class=\"ColumnaMasSidebar v1\">\n    <div class=\"container\">\n                <div class=\"hero-inner-blocks\">\n<div id=\"ColumnaIzquierda-block_3c2a89eb3e6bf3e0be696d83957048bd\" class=\"blanco ColumnaIzquierda\">\n    <div class=\"acf-innerblocks-container\">\n\n<div id=\"AnteriorSiguiente-block_13d291b0cf7e588e00da300d8c859ecd\" class=\"AnteriorSiguiente\">\n\n\n            <div class=\"containerButtons\">\n            <a class=\"primaryCta prev \" href=\"https:\/\/ga-p.com\/en\/news\/30-debt-restructurings-that-will-define-the-future-of-bankruptcies-in-spain-el-confidencial\/\" target=\"_self\" title=\"prev post\">See previous                <img decoding=\"async\" alt=\"icon\" src=\"https:\/\/ga-p.com\/wp-content\/themes\/ga-p\/assets\/images\/arrow-left-primary.svg\" \/>\n            <\/a>\n            <a class=\"primaryCta next \" href=\"https:\/\/ga-p.com\/en\/news\/business-forum-the-great-challenges-facing-the-insurance-sector-el-economista\/\" target=\"_self\" title=\"next post\">See next                <img decoding=\"async\" alt=\"icon\" src=\"https:\/\/ga-p.com\/wp-content\/themes\/ga-p\/assets\/images\/arrow-right-primary.svg\" \/>\n            <\/a>\n        <\/div>\n    <\/div>\n<\/div>\n<\/div>\n\n<div id=\"ColumnaSidebar-block_c67e8dd45c38f3e4099bb62f13a33762\" class=\"blanco ColumnaSidebar\">\n    <div class=\"acf-innerblocks-container\"><\/div>\n<\/div>\n\n<\/div>\n\n    <\/div>\n\n<\/div>\n","protected":false},"excerpt":{"rendered":"<p>The National Court has made the assumptions for carrying out an ERTE more flexible. This article in El Confidencial includes statements by Ignacio del Fraile, coordinating partner of the labour law department. &#8220;When the regulations talk about previsions, they only talk about economic causes. However, the Court of Appeal applies the provision to other types&#8230;<\/p>\n","protected":false},"featured_media":0,"template":"","categoria":[],"class_list":["post-268893","noticia","type-noticia","status-publish","hentry"],"acf":[],"yoast_head":"<!-- This site is optimized with the Yoast SEO plugin v27.3 - https:\/\/yoast.com\/product\/yoast-seo-wordpress\/ -->\n<title>The National Court relaxes the conditions for carrying out a preventive ERTE (temporary lay-off) | El Confidencial - Despacho de abogados G\u00f3mez-Acebo y Pombo<\/title>\n<meta name=\"robots\" content=\"index, follow, max-snippet:-1, max-image-preview:large, max-video-preview:-1\" \/>\n<link rel=\"canonical\" href=\"https:\/\/ga-p.com\/en\/news\/the-national-court-relaxes-the-conditions-for-carrying-out-a-preventive-erte-temporary-lay-off-el-confidencial\/\" \/>\n<meta property=\"og:locale\" content=\"en_US\" \/>\n<meta property=\"og:type\" content=\"article\" \/>\n<meta property=\"og:title\" content=\"The National Court relaxes the conditions for carrying out a preventive ERTE (temporary lay-off) | El Confidencial - Despacho de abogados G\u00f3mez-Acebo y Pombo\" \/>\n<meta property=\"og:description\" content=\"The National Court has made the assumptions for carrying out an ERTE more flexible. This article in El Confidencial includes statements by Ignacio del Fraile, coordinating partner of the labour law department. &quot;When the regulations talk about previsions, they only talk about economic causes. However, the Court of Appeal applies the provision to other types...\" \/>\n<meta property=\"og:url\" content=\"https:\/\/ga-p.com\/en\/news\/the-national-court-relaxes-the-conditions-for-carrying-out-a-preventive-erte-temporary-lay-off-el-confidencial\/\" \/>\n<meta property=\"og:site_name\" content=\"Despacho de abogados G\u00f3mez-Acebo y Pombo\" \/>\n<meta name=\"twitter:card\" content=\"summary_large_image\" \/>\n<script type=\"application\/ld+json\" class=\"yoast-schema-graph\">{\"@context\":\"https:\\\/\\\/schema.org\",\"@graph\":[{\"@type\":\"WebPage\",\"@id\":\"https:\\\/\\\/ga-p.com\\\/en\\\/news\\\/the-national-court-relaxes-the-conditions-for-carrying-out-a-preventive-erte-temporary-lay-off-el-confidencial\\\/\",\"url\":\"https:\\\/\\\/ga-p.com\\\/en\\\/news\\\/the-national-court-relaxes-the-conditions-for-carrying-out-a-preventive-erte-temporary-lay-off-el-confidencial\\\/\",\"name\":\"The National Court relaxes the conditions for carrying out a preventive ERTE (temporary lay-off) | El Confidencial - Despacho de abogados G\u00f3mez-Acebo y Pombo\",\"isPartOf\":{\"@id\":\"https:\\\/\\\/ga-p.com\\\/en\\\/#website\"},\"datePublished\":\"2023-06-05T07:51:50+00:00\",\"breadcrumb\":{\"@id\":\"https:\\\/\\\/ga-p.com\\\/en\\\/news\\\/the-national-court-relaxes-the-conditions-for-carrying-out-a-preventive-erte-temporary-lay-off-el-confidencial\\\/#breadcrumb\"},\"inLanguage\":\"en-US\",\"potentialAction\":[{\"@type\":\"ReadAction\",\"target\":[\"https:\\\/\\\/ga-p.com\\\/en\\\/news\\\/the-national-court-relaxes-the-conditions-for-carrying-out-a-preventive-erte-temporary-lay-off-el-confidencial\\\/\"]}]},{\"@type\":\"BreadcrumbList\",\"@id\":\"https:\\\/\\\/ga-p.com\\\/en\\\/news\\\/the-national-court-relaxes-the-conditions-for-carrying-out-a-preventive-erte-temporary-lay-off-el-confidencial\\\/#breadcrumb\",\"itemListElement\":[{\"@type\":\"ListItem\",\"position\":1,\"name\":\"Portada\",\"item\":\"https:\\\/\\\/ga-p.com\\\/en\\\/\"},{\"@type\":\"ListItem\",\"position\":2,\"name\":\"The National Court relaxes the conditions for carrying out a preventive ERTE (temporary lay-off) | El Confidencial\"}]},{\"@type\":\"WebSite\",\"@id\":\"https:\\\/\\\/ga-p.com\\\/en\\\/#website\",\"url\":\"https:\\\/\\\/ga-p.com\\\/en\\\/\",\"name\":\"Despacho de abogados G\u00f3mez-Acebo & Pombo\",\"description\":\"G\u00f3mez-Acebo y Pombo es una firma de abogados independiente, con experiencia internacional, especializada en todas las \u00e1reas del derecho de los negocio.\",\"publisher\":{\"@id\":\"https:\\\/\\\/ga-p.com\\\/en\\\/#organization\"},\"potentialAction\":[{\"@type\":\"SearchAction\",\"target\":{\"@type\":\"EntryPoint\",\"urlTemplate\":\"https:\\\/\\\/ga-p.com\\\/en\\\/?s={search_term_string}\"},\"query-input\":{\"@type\":\"PropertyValueSpecification\",\"valueRequired\":true,\"valueName\":\"search_term_string\"}}],\"inLanguage\":\"en-US\"},{\"@type\":\"Organization\",\"@id\":\"https:\\\/\\\/ga-p.com\\\/en\\\/#organization\",\"name\":\"Despacho de abogados G\u00f3mez-Acebo & Pombo\",\"url\":\"https:\\\/\\\/ga-p.com\\\/en\\\/\",\"logo\":{\"@type\":\"ImageObject\",\"inLanguage\":\"en-US\",\"@id\":\"https:\\\/\\\/ga-p.com\\\/en\\\/#\\\/schema\\\/logo\\\/image\\\/\",\"url\":\"https:\\\/\\\/ga-p.com\\\/wp-content\\\/uploads\\\/2024\\\/09\\\/Logo-1-1.svg\",\"contentUrl\":\"https:\\\/\\\/ga-p.com\\\/wp-content\\\/uploads\\\/2024\\\/09\\\/Logo-1-1.svg\",\"caption\":\"Despacho de abogados G\u00f3mez-Acebo & Pombo\"},\"image\":{\"@id\":\"https:\\\/\\\/ga-p.com\\\/en\\\/#\\\/schema\\\/logo\\\/image\\\/\"}}]}<\/script>\n<!-- \/ Yoast SEO plugin. -->","yoast_head_json":{"title":"The National Court relaxes the conditions for carrying out a preventive ERTE (temporary lay-off) | El Confidencial - Despacho de abogados G\u00f3mez-Acebo y Pombo","robots":{"index":"index","follow":"follow","max-snippet":"max-snippet:-1","max-image-preview":"max-image-preview:large","max-video-preview":"max-video-preview:-1"},"canonical":"https:\/\/ga-p.com\/en\/news\/the-national-court-relaxes-the-conditions-for-carrying-out-a-preventive-erte-temporary-lay-off-el-confidencial\/","og_locale":"en_US","og_type":"article","og_title":"The National Court relaxes the conditions for carrying out a preventive ERTE (temporary lay-off) | El Confidencial - Despacho de abogados G\u00f3mez-Acebo y Pombo","og_description":"The National Court has made the assumptions for carrying out an ERTE more flexible. This article in El Confidencial includes statements by Ignacio del Fraile, coordinating partner of the labour law department. \"When the regulations talk about previsions, they only talk about economic causes. However, the Court of Appeal applies the provision to other types...","og_url":"https:\/\/ga-p.com\/en\/news\/the-national-court-relaxes-the-conditions-for-carrying-out-a-preventive-erte-temporary-lay-off-el-confidencial\/","og_site_name":"Despacho de abogados G\u00f3mez-Acebo y Pombo","twitter_card":"summary_large_image","schema":{"@context":"https:\/\/schema.org","@graph":[{"@type":"WebPage","@id":"https:\/\/ga-p.com\/en\/news\/the-national-court-relaxes-the-conditions-for-carrying-out-a-preventive-erte-temporary-lay-off-el-confidencial\/","url":"https:\/\/ga-p.com\/en\/news\/the-national-court-relaxes-the-conditions-for-carrying-out-a-preventive-erte-temporary-lay-off-el-confidencial\/","name":"The National Court relaxes the conditions for carrying out a preventive ERTE (temporary lay-off) | El Confidencial - Despacho de abogados G\u00f3mez-Acebo y Pombo","isPartOf":{"@id":"https:\/\/ga-p.com\/en\/#website"},"datePublished":"2023-06-05T07:51:50+00:00","breadcrumb":{"@id":"https:\/\/ga-p.com\/en\/news\/the-national-court-relaxes-the-conditions-for-carrying-out-a-preventive-erte-temporary-lay-off-el-confidencial\/#breadcrumb"},"inLanguage":"en-US","potentialAction":[{"@type":"ReadAction","target":["https:\/\/ga-p.com\/en\/news\/the-national-court-relaxes-the-conditions-for-carrying-out-a-preventive-erte-temporary-lay-off-el-confidencial\/"]}]},{"@type":"BreadcrumbList","@id":"https:\/\/ga-p.com\/en\/news\/the-national-court-relaxes-the-conditions-for-carrying-out-a-preventive-erte-temporary-lay-off-el-confidencial\/#breadcrumb","itemListElement":[{"@type":"ListItem","position":1,"name":"Portada","item":"https:\/\/ga-p.com\/en\/"},{"@type":"ListItem","position":2,"name":"The National Court relaxes the conditions for carrying out a preventive ERTE (temporary lay-off) | El Confidencial"}]},{"@type":"WebSite","@id":"https:\/\/ga-p.com\/en\/#website","url":"https:\/\/ga-p.com\/en\/","name":"Despacho de abogados G\u00f3mez-Acebo & Pombo","description":"G\u00f3mez-Acebo y Pombo es una firma de abogados independiente, con experiencia internacional, especializada en todas las \u00e1reas del derecho de los negocio.","publisher":{"@id":"https:\/\/ga-p.com\/en\/#organization"},"potentialAction":[{"@type":"SearchAction","target":{"@type":"EntryPoint","urlTemplate":"https:\/\/ga-p.com\/en\/?s={search_term_string}"},"query-input":{"@type":"PropertyValueSpecification","valueRequired":true,"valueName":"search_term_string"}}],"inLanguage":"en-US"},{"@type":"Organization","@id":"https:\/\/ga-p.com\/en\/#organization","name":"Despacho de abogados G\u00f3mez-Acebo & Pombo","url":"https:\/\/ga-p.com\/en\/","logo":{"@type":"ImageObject","inLanguage":"en-US","@id":"https:\/\/ga-p.com\/en\/#\/schema\/logo\/image\/","url":"https:\/\/ga-p.com\/wp-content\/uploads\/2024\/09\/Logo-1-1.svg","contentUrl":"https:\/\/ga-p.com\/wp-content\/uploads\/2024\/09\/Logo-1-1.svg","caption":"Despacho de abogados G\u00f3mez-Acebo & Pombo"},"image":{"@id":"https:\/\/ga-p.com\/en\/#\/schema\/logo\/image\/"}}]}},"_links":{"self":[{"href":"https:\/\/ga-p.com\/en\/wp-json\/wp\/v2\/noticia\/268893","targetHints":{"allow":["GET"]}}],"collection":[{"href":"https:\/\/ga-p.com\/en\/wp-json\/wp\/v2\/noticia"}],"about":[{"href":"https:\/\/ga-p.com\/en\/wp-json\/wp\/v2\/types\/noticia"}],"wp:attachment":[{"href":"https:\/\/ga-p.com\/en\/wp-json\/wp\/v2\/media?parent=268893"}],"wp:term":[{"taxonomy":"categoria","embeddable":true,"href":"https:\/\/ga-p.com\/en\/wp-json\/wp\/v2\/categoria?post=268893"}],"curies":[{"name":"wp","href":"https:\/\/api.w.org\/{rel}","templated":true}]}}