{"id":268985,"date":"2023-04-14T14:53:57","date_gmt":"2023-04-14T12:53:57","guid":{"rendered":"https:\/\/ga-p.servidortemporal.net\/noticia\/ines-beato-on-the-brake-on-outsourcing-one-of-the-changes-to-the-labour-law-jornal-economico\/"},"modified":"2023-04-14T14:53:57","modified_gmt":"2023-04-14T12:53:57","slug":"ines-beato-on-the-brake-on-outsourcing-one-of-the-changes-to-the-labour-law-jornal-economico","status":"publish","type":"noticia","link":"https:\/\/ga-p.com\/en\/news\/ines-beato-on-the-brake-on-outsourcing-one-of-the-changes-to-the-labour-law-jornal-economico\/","title":{"rendered":"In\u00eas Beato on the brake on outsourcing, one of the changes to the labour law | Jornal Econ\u00f3mico"},"content":{"rendered":"<div id=\"ColumnaMasSidebar-block_d491d33892cddcbd69c2cd680959bc76\" class=\"ColumnaMasSidebar v1\">\n    <div class=\"container\">\n                <div class=\"hero-inner-blocks\">\n<div id=\"ColumnaIzquierda-block_3060130b6777eee6d2af15bc42f8c87d\" class=\"blanco ColumnaIzquierda\">\n    <div class=\"acf-innerblocks-container\">\n\nThe Jornal Econ\u00f3mico includes declarations of In\u00eas Garcia Beato, senior associate of the Labour Law practice area of the Lisbon office, in the article &#8220;Outsourcing brake will only apply to employers who make dismissals as from May.<br \/>\r\n<br \/>\r\nIn\u00eas states that &#8220;It is not evident that this measure is adequate, enforceable, or even proportional to the purposes it aims to achieve&#8221;.<br \/>\r\n<br \/>\r\nDownload the PDF and read the full article.\n\n\n<p style=\"margin-top: 20px;\"><\/p>\n\n\n<\/div>\n<\/div>\n\n<div id=\"ColumnaSidebar-block_6b2db6cc680d4b7aa2d576f809d32d23\" class=\"blanco ColumnaSidebar\">\n    <div class=\"acf-innerblocks-container\">\n\n\n<div id=\"NoticiaPublicacionInformacion-block_588cbcdc46095936015c97e3d2b128e0\" class=\"NoticiaPublicacionInformacion\">\n\n    <div class=\"personal_office\">\n        <div class=\"personal\">\n\n            \n            \n            \n                        <div class=\"areas_sectores\">\n                <div class=\"titleCategoria\">Areas and sectors<\/div>\n                                                        <p class=\"item\">\n                        <span class=\"rectangleBlu\"> <\/span>\n                        <a href=\"https:\/\/ga-p.com\/en\/area\/employment\/\" class=\"nameAuthor\">Employment<\/a>\n                    <\/p>\n                                                                <\/div>\n                <\/div>\n<\/div>\n\n<\/div>\n<\/div>\n\n<\/div>\n\n    <\/div>\n\n<\/div>\n\n\n<div id=\"ColumnaMasSidebar-block_32effc1c5bb12d92821936a2164d374d\" class=\"ColumnaMasSidebar v1\">\n    <div class=\"container\">\n                <div class=\"hero-inner-blocks\">\n<div id=\"ColumnaIzquierda-block_3060130b6777eee6d2af15bc42f8c87d\" class=\"blanco ColumnaIzquierda\">\n    <div class=\"acf-innerblocks-container\">\n\n<div id=\"AnteriorSiguiente-block_92c3d37fde58d117b31efd7a08b22f7d\" class=\"AnteriorSiguiente\">\n\n\n            <div class=\"containerButtons\">\n            <a class=\"primaryCta prev \" href=\"https:\/\/ga-p.com\/en\/news\/ga_p-advises-banco-sabadell-on-greenings-ipo-on-the-bme-growth-market\/\" target=\"_self\" title=\"prev post\">See previous                <img decoding=\"async\" alt=\"icon\" src=\"https:\/\/ga-p.com\/wp-content\/themes\/ga-p\/assets\/images\/arrow-left-primary.svg\" \/>\n            <\/a>\n            <a class=\"primaryCta next \" href=\"https:\/\/ga-p.com\/en\/news\/ga_p-advises-the-spanish-companies-of-the-petersen-group\/\" target=\"_self\" title=\"next post\">See next                <img decoding=\"async\" alt=\"icon\" src=\"https:\/\/ga-p.com\/wp-content\/themes\/ga-p\/assets\/images\/arrow-right-primary.svg\" \/>\n            <\/a>\n        <\/div>\n    <\/div>\n<\/div>\n<\/div>\n\n<div id=\"ColumnaSidebar-block_6b2db6cc680d4b7aa2d576f809d32d23\" class=\"blanco ColumnaSidebar\">\n    <div class=\"acf-innerblocks-container\"><\/div>\n<\/div>\n\n<\/div>\n\n    <\/div>\n\n<\/div>\n","protected":false},"excerpt":{"rendered":"<p>The Jornal Econ\u00f3mico includes declarations of In\u00eas Garcia Beato, senior associate of the Labour Law practice area of the Lisbon office, in the article &#8220;Outsourcing brake will only apply to employers who make dismissals as from May. In\u00eas states that &#8220;It is not evident that this measure is adequate, enforceable, or even proportional to the&#8230;<\/p>\n","protected":false},"featured_media":0,"template":"","categoria":[],"class_list":["post-268985","noticia","type-noticia","status-publish","hentry"],"acf":[],"yoast_head":"<!-- This site is optimized with the Yoast SEO plugin v27.3 - https:\/\/yoast.com\/product\/yoast-seo-wordpress\/ -->\n<title>In\u00eas Beato on the brake on outsourcing, one of the changes to the labour law | Jornal Econ\u00f3mico - Despacho de abogados G\u00f3mez-Acebo y Pombo<\/title>\n<meta name=\"robots\" content=\"index, follow, max-snippet:-1, max-image-preview:large, max-video-preview:-1\" \/>\n<link rel=\"canonical\" href=\"https:\/\/ga-p.com\/en\/news\/ines-beato-on-the-brake-on-outsourcing-one-of-the-changes-to-the-labour-law-jornal-economico\/\" \/>\n<meta property=\"og:locale\" content=\"en_US\" \/>\n<meta property=\"og:type\" content=\"article\" \/>\n<meta property=\"og:title\" content=\"In\u00eas Beato on the brake on outsourcing, one of the changes to the labour law | Jornal Econ\u00f3mico - Despacho de abogados G\u00f3mez-Acebo y Pombo\" \/>\n<meta property=\"og:description\" content=\"The Jornal Econ\u00f3mico includes declarations of In\u00eas Garcia Beato, senior associate of the Labour Law practice area of the Lisbon office, in the article &quot;Outsourcing brake will only apply to employers who make dismissals as from May. In\u00eas states that &quot;It is not evident that this measure is adequate, enforceable, or even proportional to the...\" \/>\n<meta property=\"og:url\" content=\"https:\/\/ga-p.com\/en\/news\/ines-beato-on-the-brake-on-outsourcing-one-of-the-changes-to-the-labour-law-jornal-economico\/\" \/>\n<meta property=\"og:site_name\" content=\"Despacho de abogados G\u00f3mez-Acebo y Pombo\" \/>\n<meta name=\"twitter:card\" content=\"summary_large_image\" \/>\n<script type=\"application\/ld+json\" class=\"yoast-schema-graph\">{\"@context\":\"https:\\\/\\\/schema.org\",\"@graph\":[{\"@type\":\"WebPage\",\"@id\":\"https:\\\/\\\/ga-p.com\\\/en\\\/news\\\/ines-beato-on-the-brake-on-outsourcing-one-of-the-changes-to-the-labour-law-jornal-economico\\\/\",\"url\":\"https:\\\/\\\/ga-p.com\\\/en\\\/news\\\/ines-beato-on-the-brake-on-outsourcing-one-of-the-changes-to-the-labour-law-jornal-economico\\\/\",\"name\":\"In\u00eas Beato on the brake on outsourcing, one of the changes to the labour law | Jornal Econ\u00f3mico - Despacho de abogados G\u00f3mez-Acebo y Pombo\",\"isPartOf\":{\"@id\":\"https:\\\/\\\/ga-p.com\\\/en\\\/#website\"},\"datePublished\":\"2023-04-14T12:53:57+00:00\",\"breadcrumb\":{\"@id\":\"https:\\\/\\\/ga-p.com\\\/en\\\/news\\\/ines-beato-on-the-brake-on-outsourcing-one-of-the-changes-to-the-labour-law-jornal-economico\\\/#breadcrumb\"},\"inLanguage\":\"en-US\",\"potentialAction\":[{\"@type\":\"ReadAction\",\"target\":[\"https:\\\/\\\/ga-p.com\\\/en\\\/news\\\/ines-beato-on-the-brake-on-outsourcing-one-of-the-changes-to-the-labour-law-jornal-economico\\\/\"]}]},{\"@type\":\"BreadcrumbList\",\"@id\":\"https:\\\/\\\/ga-p.com\\\/en\\\/news\\\/ines-beato-on-the-brake-on-outsourcing-one-of-the-changes-to-the-labour-law-jornal-economico\\\/#breadcrumb\",\"itemListElement\":[{\"@type\":\"ListItem\",\"position\":1,\"name\":\"Portada\",\"item\":\"https:\\\/\\\/ga-p.com\\\/en\\\/\"},{\"@type\":\"ListItem\",\"position\":2,\"name\":\"In\u00eas Beato on the brake on outsourcing, one of the changes to the labour law | Jornal Econ\u00f3mico\"}]},{\"@type\":\"WebSite\",\"@id\":\"https:\\\/\\\/ga-p.com\\\/en\\\/#website\",\"url\":\"https:\\\/\\\/ga-p.com\\\/en\\\/\",\"name\":\"Despacho de abogados G\u00f3mez-Acebo & Pombo\",\"description\":\"G\u00f3mez-Acebo y Pombo es una firma de abogados independiente, con experiencia internacional, especializada en todas las \u00e1reas del derecho de los negocio.\",\"publisher\":{\"@id\":\"https:\\\/\\\/ga-p.com\\\/en\\\/#organization\"},\"potentialAction\":[{\"@type\":\"SearchAction\",\"target\":{\"@type\":\"EntryPoint\",\"urlTemplate\":\"https:\\\/\\\/ga-p.com\\\/en\\\/?s={search_term_string}\"},\"query-input\":{\"@type\":\"PropertyValueSpecification\",\"valueRequired\":true,\"valueName\":\"search_term_string\"}}],\"inLanguage\":\"en-US\"},{\"@type\":\"Organization\",\"@id\":\"https:\\\/\\\/ga-p.com\\\/en\\\/#organization\",\"name\":\"Despacho de abogados G\u00f3mez-Acebo & Pombo\",\"url\":\"https:\\\/\\\/ga-p.com\\\/en\\\/\",\"logo\":{\"@type\":\"ImageObject\",\"inLanguage\":\"en-US\",\"@id\":\"https:\\\/\\\/ga-p.com\\\/en\\\/#\\\/schema\\\/logo\\\/image\\\/\",\"url\":\"https:\\\/\\\/ga-p.com\\\/wp-content\\\/uploads\\\/2024\\\/09\\\/Logo-1-1.svg\",\"contentUrl\":\"https:\\\/\\\/ga-p.com\\\/wp-content\\\/uploads\\\/2024\\\/09\\\/Logo-1-1.svg\",\"caption\":\"Despacho de abogados G\u00f3mez-Acebo & Pombo\"},\"image\":{\"@id\":\"https:\\\/\\\/ga-p.com\\\/en\\\/#\\\/schema\\\/logo\\\/image\\\/\"}}]}<\/script>\n<!-- \/ Yoast SEO plugin. -->","yoast_head_json":{"title":"In\u00eas Beato on the brake on outsourcing, one of the changes to the labour law | Jornal Econ\u00f3mico - Despacho de abogados G\u00f3mez-Acebo y Pombo","robots":{"index":"index","follow":"follow","max-snippet":"max-snippet:-1","max-image-preview":"max-image-preview:large","max-video-preview":"max-video-preview:-1"},"canonical":"https:\/\/ga-p.com\/en\/news\/ines-beato-on-the-brake-on-outsourcing-one-of-the-changes-to-the-labour-law-jornal-economico\/","og_locale":"en_US","og_type":"article","og_title":"In\u00eas Beato on the brake on outsourcing, one of the changes to the labour law | Jornal Econ\u00f3mico - Despacho de abogados G\u00f3mez-Acebo y Pombo","og_description":"The Jornal Econ\u00f3mico includes declarations of In\u00eas Garcia Beato, senior associate of the Labour Law practice area of the Lisbon office, in the article \"Outsourcing brake will only apply to employers who make dismissals as from May. In\u00eas states that \"It is not evident that this measure is adequate, enforceable, or even proportional to the...","og_url":"https:\/\/ga-p.com\/en\/news\/ines-beato-on-the-brake-on-outsourcing-one-of-the-changes-to-the-labour-law-jornal-economico\/","og_site_name":"Despacho de abogados G\u00f3mez-Acebo y Pombo","twitter_card":"summary_large_image","schema":{"@context":"https:\/\/schema.org","@graph":[{"@type":"WebPage","@id":"https:\/\/ga-p.com\/en\/news\/ines-beato-on-the-brake-on-outsourcing-one-of-the-changes-to-the-labour-law-jornal-economico\/","url":"https:\/\/ga-p.com\/en\/news\/ines-beato-on-the-brake-on-outsourcing-one-of-the-changes-to-the-labour-law-jornal-economico\/","name":"In\u00eas Beato on the brake on outsourcing, one of the changes to the labour law | Jornal Econ\u00f3mico - Despacho de abogados G\u00f3mez-Acebo y Pombo","isPartOf":{"@id":"https:\/\/ga-p.com\/en\/#website"},"datePublished":"2023-04-14T12:53:57+00:00","breadcrumb":{"@id":"https:\/\/ga-p.com\/en\/news\/ines-beato-on-the-brake-on-outsourcing-one-of-the-changes-to-the-labour-law-jornal-economico\/#breadcrumb"},"inLanguage":"en-US","potentialAction":[{"@type":"ReadAction","target":["https:\/\/ga-p.com\/en\/news\/ines-beato-on-the-brake-on-outsourcing-one-of-the-changes-to-the-labour-law-jornal-economico\/"]}]},{"@type":"BreadcrumbList","@id":"https:\/\/ga-p.com\/en\/news\/ines-beato-on-the-brake-on-outsourcing-one-of-the-changes-to-the-labour-law-jornal-economico\/#breadcrumb","itemListElement":[{"@type":"ListItem","position":1,"name":"Portada","item":"https:\/\/ga-p.com\/en\/"},{"@type":"ListItem","position":2,"name":"In\u00eas Beato on the brake on outsourcing, one of the changes to the labour law | Jornal Econ\u00f3mico"}]},{"@type":"WebSite","@id":"https:\/\/ga-p.com\/en\/#website","url":"https:\/\/ga-p.com\/en\/","name":"Despacho de abogados G\u00f3mez-Acebo & Pombo","description":"G\u00f3mez-Acebo y Pombo es una firma de abogados independiente, con experiencia internacional, especializada en todas las \u00e1reas del derecho de los negocio.","publisher":{"@id":"https:\/\/ga-p.com\/en\/#organization"},"potentialAction":[{"@type":"SearchAction","target":{"@type":"EntryPoint","urlTemplate":"https:\/\/ga-p.com\/en\/?s={search_term_string}"},"query-input":{"@type":"PropertyValueSpecification","valueRequired":true,"valueName":"search_term_string"}}],"inLanguage":"en-US"},{"@type":"Organization","@id":"https:\/\/ga-p.com\/en\/#organization","name":"Despacho de abogados G\u00f3mez-Acebo & Pombo","url":"https:\/\/ga-p.com\/en\/","logo":{"@type":"ImageObject","inLanguage":"en-US","@id":"https:\/\/ga-p.com\/en\/#\/schema\/logo\/image\/","url":"https:\/\/ga-p.com\/wp-content\/uploads\/2024\/09\/Logo-1-1.svg","contentUrl":"https:\/\/ga-p.com\/wp-content\/uploads\/2024\/09\/Logo-1-1.svg","caption":"Despacho de abogados G\u00f3mez-Acebo & Pombo"},"image":{"@id":"https:\/\/ga-p.com\/en\/#\/schema\/logo\/image\/"}}]}},"_links":{"self":[{"href":"https:\/\/ga-p.com\/en\/wp-json\/wp\/v2\/noticia\/268985","targetHints":{"allow":["GET"]}}],"collection":[{"href":"https:\/\/ga-p.com\/en\/wp-json\/wp\/v2\/noticia"}],"about":[{"href":"https:\/\/ga-p.com\/en\/wp-json\/wp\/v2\/types\/noticia"}],"wp:attachment":[{"href":"https:\/\/ga-p.com\/en\/wp-json\/wp\/v2\/media?parent=268985"}],"wp:term":[{"taxonomy":"categoria","embeddable":true,"href":"https:\/\/ga-p.com\/en\/wp-json\/wp\/v2\/categoria?post=268985"}],"curies":[{"name":"wp","href":"https:\/\/api.w.org\/{rel}","templated":true}]}}