{"id":269866,"date":"2022-11-21T11:54:30","date_gmt":"2022-11-21T10:54:30","guid":{"rendered":"https:\/\/ga-p.servidortemporal.net\/noticia\/ignacio-del-fraile-on-the-unrest-among-madrid-companies-over-the-new-office-collective-agreement-el-confidencial\/"},"modified":"2022-11-21T11:54:30","modified_gmt":"2022-11-21T10:54:30","slug":"ignacio-del-fraile-on-the-unrest-among-madrid-companies-over-the-new-office-collective-agreement-el-confidencial","status":"publish","type":"noticia","link":"https:\/\/ga-p.com\/en\/news\/ignacio-del-fraile-on-the-unrest-among-madrid-companies-over-the-new-office-collective-agreement-el-confidencial\/","title":{"rendered":"Ignacio del Fraile on the unrest among Madrid companies over the new office collective agreement | El Confidencial"},"content":{"rendered":"<div id=\"ColumnaMasSidebar-block_d22d4dee78772a69aee0b7b53049549c\" class=\"ColumnaMasSidebar v1\">\n    <div class=\"container\">\n                <div class=\"hero-inner-blocks\">\n<div id=\"ColumnaIzquierda-block_7fcc0e9beac44dd3f9c30c248b6f3b41\" class=\"blanco ColumnaIzquierda\">\n    <div class=\"acf-innerblocks-container\">\n\nEl Confidencial, in today&#8217;s article, reports the statements of Ignacio del Fraile, Employment Partner at G\u00f3mez-Acebo &amp; Pombo, on the discontent among Madrid companies about the new collective agreement for offices and firms in Madrid, which was approved in mid-August.<br \/>\r\n<br \/>\r\nThe text introduces many changes, including the regulation of teleworking. In the articles, the agreement establishes the restrictions that organisations can place on remote models. Specifically, it sets a limit of 60% of teleworking per month, prohibiting formulas that exceed this percentage.<br \/>\r\n<br \/>\r\nIgnacio del Fraile points out that &#8220;there has been a major uproar over this issue as many organisations have received the modification with surprise because it limits flexibility, which is, after all, the spirit of teleworking&#8221;, &#8220;the most common doubt that companies express is whether this restriction can be circumvented if the teleworking model has been agreed with the employee or the workers&#8217; legal representatives&#8221;, &#8220;the agreement is clear, no, but it is difficult for the inspectorate to sanction in this type of case&#8221;.<br \/>\r\n<br \/>\r\n<a href=\"https:\/\/www.elconfidencial.com\/juridico\/2022-11-20\/descontento-confusion-empresas-madrilenas-nuevo_3525555\/\">Read full article.\u00a0<\/a>\n\n\n<p style=\"margin-top: 20px;\"><\/p>\n\n\n<\/div>\n<\/div>\n\n<div id=\"ColumnaSidebar-block_08ff8068f9f16b223b3425dd30bdc579\" class=\"blanco ColumnaSidebar\">\n    <div class=\"acf-innerblocks-container\">\n\n\n<div id=\"NoticiaPublicacionInformacion-block_38c2492209973dd4721e09e2c7407616\" class=\"NoticiaPublicacionInformacion\">\n\n    <div class=\"personal_office\">\n        <div class=\"personal\">\n\n            \n                            <div class=\"abogados\">\n                    <div class=\"titleCategoria\">Lawyer mentioned<\/div>\n                    <div class=\"out itemCont\">\n                                                                                    <p class=\"item\">\n                                    <span class=\"rectangleBlu\"> <\/span>\n                                                                        <a href=\"https:\/\/ga-p.com\/en\/person\/ignacio-del-fraile\/\" class=\"nameAuthor\">Ignacio del Fraile<\/a>\n                                                                        <span class=\"charge\"> &#8211; Partner<\/span>\n                                <\/p>\n                                                                        <\/div>\n                                    <\/div>\n            \n            \n                        <div class=\"areas_sectores\">\n                <div class=\"titleCategoria\">Areas and sectors<\/div>\n                                                        <p class=\"item\">\n                        <span class=\"rectangleBlu\"> <\/span>\n                        <a href=\"https:\/\/ga-p.com\/en\/area\/employment\/\" class=\"nameAuthor\">Employment<\/a>\n                    <\/p>\n                                                                <\/div>\n                <\/div>\n<\/div>\n\n<\/div>\n<\/div>\n\n<\/div>\n\n    <\/div>\n\n<\/div>\n\n\n<div id=\"ColumnaMasSidebar-block_0a9a4f6d674683cf8d666cc4b369079c\" class=\"ColumnaMasSidebar v1\">\n    <div class=\"container\">\n                <div class=\"hero-inner-blocks\">\n<div id=\"ColumnaIzquierda-block_7fcc0e9beac44dd3f9c30c248b6f3b41\" class=\"blanco ColumnaIzquierda\">\n    <div class=\"acf-innerblocks-container\">\n\n<div id=\"AnteriorSiguiente-block_6ea3d7c1b2420d7b9b81dec1bad11e32\" class=\"AnteriorSiguiente\">\n\n\n            <div class=\"containerButtons\">\n            <a class=\"primaryCta prev \" href=\"https:\/\/ga-p.com\/en\/news\/deal-ga_p-advises-cobee-in-a-financing-round-led-by-octopus-ventures-and-notion-capital\/\" target=\"_self\" title=\"prev post\">See previous                <img decoding=\"async\" alt=\"icon\" src=\"https:\/\/ga-p.com\/wp-content\/themes\/ga-p\/assets\/images\/arrow-left-primary.svg\" \/>\n            <\/a>\n            <a class=\"primaryCta next \" href=\"https:\/\/ga-p.com\/en\/news\/ga_p-advises-cubico-sustainable-investments-on-the-acquisition-of-a-solar-project-in-portugal\/\" target=\"_self\" title=\"next post\">See next                <img decoding=\"async\" alt=\"icon\" src=\"https:\/\/ga-p.com\/wp-content\/themes\/ga-p\/assets\/images\/arrow-right-primary.svg\" \/>\n            <\/a>\n        <\/div>\n    <\/div>\n<\/div>\n<\/div>\n\n<div id=\"ColumnaSidebar-block_08ff8068f9f16b223b3425dd30bdc579\" class=\"blanco ColumnaSidebar\">\n    <div class=\"acf-innerblocks-container\"><\/div>\n<\/div>\n\n<\/div>\n\n    <\/div>\n\n<\/div>\n","protected":false},"excerpt":{"rendered":"<p>El Confidencial, in today&#8217;s article, reports the statements of Ignacio del Fraile, Employment Partner at G\u00f3mez-Acebo &amp; Pombo, on the discontent among Madrid companies about the new collective agreement for offices and firms in Madrid, which was approved in mid-August. The text introduces many changes, including the regulation of teleworking. In the articles, the agreement&#8230;<\/p>\n","protected":false},"featured_media":0,"template":"","categoria":[],"class_list":["post-269866","noticia","type-noticia","status-publish","hentry"],"acf":[],"yoast_head":"<!-- This site is optimized with the Yoast SEO plugin v27.3 - https:\/\/yoast.com\/product\/yoast-seo-wordpress\/ -->\n<title>Ignacio del Fraile on the unrest among Madrid companies over the new office collective agreement | El Confidencial - Despacho de abogados G\u00f3mez-Acebo y Pombo<\/title>\n<meta name=\"robots\" content=\"index, follow, max-snippet:-1, max-image-preview:large, max-video-preview:-1\" \/>\n<link rel=\"canonical\" href=\"https:\/\/ga-p.com\/en\/news\/ignacio-del-fraile-on-the-unrest-among-madrid-companies-over-the-new-office-collective-agreement-el-confidencial\/\" \/>\n<meta property=\"og:locale\" content=\"en_US\" \/>\n<meta property=\"og:type\" content=\"article\" \/>\n<meta property=\"og:title\" content=\"Ignacio del Fraile on the unrest among Madrid companies over the new office collective agreement | El Confidencial - Despacho de abogados G\u00f3mez-Acebo y Pombo\" \/>\n<meta property=\"og:description\" content=\"El Confidencial, in today&#039;s article, reports the statements of Ignacio del Fraile, Employment Partner at G\u00f3mez-Acebo &amp; Pombo, on the discontent among Madrid companies about the new collective agreement for offices and firms in Madrid, which was approved in mid-August. The text introduces many changes, including the regulation of teleworking. In the articles, the agreement...\" \/>\n<meta property=\"og:url\" content=\"https:\/\/ga-p.com\/en\/news\/ignacio-del-fraile-on-the-unrest-among-madrid-companies-over-the-new-office-collective-agreement-el-confidencial\/\" \/>\n<meta property=\"og:site_name\" content=\"Despacho de abogados G\u00f3mez-Acebo y Pombo\" \/>\n<meta name=\"twitter:card\" content=\"summary_large_image\" \/>\n<meta name=\"twitter:label1\" content=\"Est. reading time\" \/>\n\t<meta name=\"twitter:data1\" content=\"1 minute\" \/>\n<script type=\"application\/ld+json\" class=\"yoast-schema-graph\">{\"@context\":\"https:\\\/\\\/schema.org\",\"@graph\":[{\"@type\":\"WebPage\",\"@id\":\"https:\\\/\\\/ga-p.com\\\/en\\\/news\\\/ignacio-del-fraile-on-the-unrest-among-madrid-companies-over-the-new-office-collective-agreement-el-confidencial\\\/\",\"url\":\"https:\\\/\\\/ga-p.com\\\/en\\\/news\\\/ignacio-del-fraile-on-the-unrest-among-madrid-companies-over-the-new-office-collective-agreement-el-confidencial\\\/\",\"name\":\"Ignacio del Fraile on the unrest among Madrid companies over the new office collective agreement | El Confidencial - Despacho de abogados G\u00f3mez-Acebo y Pombo\",\"isPartOf\":{\"@id\":\"https:\\\/\\\/ga-p.com\\\/en\\\/#website\"},\"datePublished\":\"2022-11-21T10:54:30+00:00\",\"breadcrumb\":{\"@id\":\"https:\\\/\\\/ga-p.com\\\/en\\\/news\\\/ignacio-del-fraile-on-the-unrest-among-madrid-companies-over-the-new-office-collective-agreement-el-confidencial\\\/#breadcrumb\"},\"inLanguage\":\"en-US\",\"potentialAction\":[{\"@type\":\"ReadAction\",\"target\":[\"https:\\\/\\\/ga-p.com\\\/en\\\/news\\\/ignacio-del-fraile-on-the-unrest-among-madrid-companies-over-the-new-office-collective-agreement-el-confidencial\\\/\"]}]},{\"@type\":\"BreadcrumbList\",\"@id\":\"https:\\\/\\\/ga-p.com\\\/en\\\/news\\\/ignacio-del-fraile-on-the-unrest-among-madrid-companies-over-the-new-office-collective-agreement-el-confidencial\\\/#breadcrumb\",\"itemListElement\":[{\"@type\":\"ListItem\",\"position\":1,\"name\":\"Portada\",\"item\":\"https:\\\/\\\/ga-p.com\\\/en\\\/\"},{\"@type\":\"ListItem\",\"position\":2,\"name\":\"Ignacio del Fraile on the unrest among Madrid companies over the new office collective agreement | El Confidencial\"}]},{\"@type\":\"WebSite\",\"@id\":\"https:\\\/\\\/ga-p.com\\\/en\\\/#website\",\"url\":\"https:\\\/\\\/ga-p.com\\\/en\\\/\",\"name\":\"Despacho de abogados G\u00f3mez-Acebo & Pombo\",\"description\":\"G\u00f3mez-Acebo y Pombo es una firma de abogados independiente, con experiencia internacional, especializada en todas las \u00e1reas del derecho de los negocio.\",\"publisher\":{\"@id\":\"https:\\\/\\\/ga-p.com\\\/en\\\/#organization\"},\"potentialAction\":[{\"@type\":\"SearchAction\",\"target\":{\"@type\":\"EntryPoint\",\"urlTemplate\":\"https:\\\/\\\/ga-p.com\\\/en\\\/?s={search_term_string}\"},\"query-input\":{\"@type\":\"PropertyValueSpecification\",\"valueRequired\":true,\"valueName\":\"search_term_string\"}}],\"inLanguage\":\"en-US\"},{\"@type\":\"Organization\",\"@id\":\"https:\\\/\\\/ga-p.com\\\/en\\\/#organization\",\"name\":\"Despacho de abogados G\u00f3mez-Acebo & Pombo\",\"url\":\"https:\\\/\\\/ga-p.com\\\/en\\\/\",\"logo\":{\"@type\":\"ImageObject\",\"inLanguage\":\"en-US\",\"@id\":\"https:\\\/\\\/ga-p.com\\\/en\\\/#\\\/schema\\\/logo\\\/image\\\/\",\"url\":\"https:\\\/\\\/ga-p.com\\\/wp-content\\\/uploads\\\/2024\\\/09\\\/Logo-1-1.svg\",\"contentUrl\":\"https:\\\/\\\/ga-p.com\\\/wp-content\\\/uploads\\\/2024\\\/09\\\/Logo-1-1.svg\",\"caption\":\"Despacho de abogados G\u00f3mez-Acebo & Pombo\"},\"image\":{\"@id\":\"https:\\\/\\\/ga-p.com\\\/en\\\/#\\\/schema\\\/logo\\\/image\\\/\"}}]}<\/script>\n<!-- \/ Yoast SEO plugin. -->","yoast_head_json":{"title":"Ignacio del Fraile on the unrest among Madrid companies over the new office collective agreement | El Confidencial - Despacho de abogados G\u00f3mez-Acebo y Pombo","robots":{"index":"index","follow":"follow","max-snippet":"max-snippet:-1","max-image-preview":"max-image-preview:large","max-video-preview":"max-video-preview:-1"},"canonical":"https:\/\/ga-p.com\/en\/news\/ignacio-del-fraile-on-the-unrest-among-madrid-companies-over-the-new-office-collective-agreement-el-confidencial\/","og_locale":"en_US","og_type":"article","og_title":"Ignacio del Fraile on the unrest among Madrid companies over the new office collective agreement | El Confidencial - Despacho de abogados G\u00f3mez-Acebo y Pombo","og_description":"El Confidencial, in today's article, reports the statements of Ignacio del Fraile, Employment Partner at G\u00f3mez-Acebo &amp; Pombo, on the discontent among Madrid companies about the new collective agreement for offices and firms in Madrid, which was approved in mid-August. The text introduces many changes, including the regulation of teleworking. In the articles, the agreement...","og_url":"https:\/\/ga-p.com\/en\/news\/ignacio-del-fraile-on-the-unrest-among-madrid-companies-over-the-new-office-collective-agreement-el-confidencial\/","og_site_name":"Despacho de abogados G\u00f3mez-Acebo y Pombo","twitter_card":"summary_large_image","twitter_misc":{"Est. reading time":"1 minute"},"schema":{"@context":"https:\/\/schema.org","@graph":[{"@type":"WebPage","@id":"https:\/\/ga-p.com\/en\/news\/ignacio-del-fraile-on-the-unrest-among-madrid-companies-over-the-new-office-collective-agreement-el-confidencial\/","url":"https:\/\/ga-p.com\/en\/news\/ignacio-del-fraile-on-the-unrest-among-madrid-companies-over-the-new-office-collective-agreement-el-confidencial\/","name":"Ignacio del Fraile on the unrest among Madrid companies over the new office collective agreement | El Confidencial - Despacho de abogados G\u00f3mez-Acebo y Pombo","isPartOf":{"@id":"https:\/\/ga-p.com\/en\/#website"},"datePublished":"2022-11-21T10:54:30+00:00","breadcrumb":{"@id":"https:\/\/ga-p.com\/en\/news\/ignacio-del-fraile-on-the-unrest-among-madrid-companies-over-the-new-office-collective-agreement-el-confidencial\/#breadcrumb"},"inLanguage":"en-US","potentialAction":[{"@type":"ReadAction","target":["https:\/\/ga-p.com\/en\/news\/ignacio-del-fraile-on-the-unrest-among-madrid-companies-over-the-new-office-collective-agreement-el-confidencial\/"]}]},{"@type":"BreadcrumbList","@id":"https:\/\/ga-p.com\/en\/news\/ignacio-del-fraile-on-the-unrest-among-madrid-companies-over-the-new-office-collective-agreement-el-confidencial\/#breadcrumb","itemListElement":[{"@type":"ListItem","position":1,"name":"Portada","item":"https:\/\/ga-p.com\/en\/"},{"@type":"ListItem","position":2,"name":"Ignacio del Fraile on the unrest among Madrid companies over the new office collective agreement | El Confidencial"}]},{"@type":"WebSite","@id":"https:\/\/ga-p.com\/en\/#website","url":"https:\/\/ga-p.com\/en\/","name":"Despacho de abogados G\u00f3mez-Acebo & Pombo","description":"G\u00f3mez-Acebo y Pombo es una firma de abogados independiente, con experiencia internacional, especializada en todas las \u00e1reas del derecho de los negocio.","publisher":{"@id":"https:\/\/ga-p.com\/en\/#organization"},"potentialAction":[{"@type":"SearchAction","target":{"@type":"EntryPoint","urlTemplate":"https:\/\/ga-p.com\/en\/?s={search_term_string}"},"query-input":{"@type":"PropertyValueSpecification","valueRequired":true,"valueName":"search_term_string"}}],"inLanguage":"en-US"},{"@type":"Organization","@id":"https:\/\/ga-p.com\/en\/#organization","name":"Despacho de abogados G\u00f3mez-Acebo & Pombo","url":"https:\/\/ga-p.com\/en\/","logo":{"@type":"ImageObject","inLanguage":"en-US","@id":"https:\/\/ga-p.com\/en\/#\/schema\/logo\/image\/","url":"https:\/\/ga-p.com\/wp-content\/uploads\/2024\/09\/Logo-1-1.svg","contentUrl":"https:\/\/ga-p.com\/wp-content\/uploads\/2024\/09\/Logo-1-1.svg","caption":"Despacho de abogados G\u00f3mez-Acebo & Pombo"},"image":{"@id":"https:\/\/ga-p.com\/en\/#\/schema\/logo\/image\/"}}]}},"_links":{"self":[{"href":"https:\/\/ga-p.com\/en\/wp-json\/wp\/v2\/noticia\/269866","targetHints":{"allow":["GET"]}}],"collection":[{"href":"https:\/\/ga-p.com\/en\/wp-json\/wp\/v2\/noticia"}],"about":[{"href":"https:\/\/ga-p.com\/en\/wp-json\/wp\/v2\/types\/noticia"}],"wp:attachment":[{"href":"https:\/\/ga-p.com\/en\/wp-json\/wp\/v2\/media?parent=269866"}],"wp:term":[{"taxonomy":"categoria","embeddable":true,"href":"https:\/\/ga-p.com\/en\/wp-json\/wp\/v2\/categoria?post=269866"}],"curies":[{"name":"wp","href":"https:\/\/api.w.org\/{rel}","templated":true}]}}