{"id":323675,"date":"2024-11-18T10:32:15","date_gmt":"2024-11-18T09:32:15","guid":{"rendered":"https:\/\/ga-p.com\/prensa\/ga_p-asesora-en-la-venta-de-fenwick-iribarren-architects-fia-al-grupo-egis\/"},"modified":"2025-01-29T09:43:22","modified_gmt":"2025-01-29T08:43:22","slug":"ga_p-advises-on-the-sale-of-fenwick-iribarren-architects-fia-to-grupo-egis","status":"publish","type":"noticia","link":"https:\/\/ga-p.com\/en\/news\/ga_p-advises-on-the-sale-of-fenwick-iribarren-architects-fia-to-grupo-egis\/","title":{"rendered":"GA_P advises on the sale of Fenwick Iribarren Architects (FIA) to Grupo Egis"},"content":{"rendered":"<div id=\"ColumnaMasSidebar-block_355288ac58eeda85a45a640bc29e07ee\" class=\"ColumnaMasSidebar v1\">\n    <div class=\"container\">\n                <div class=\"hero-inner-blocks\">\n<div id=\"ColumnaIzquierda-block_5b79ae74442f5c47c63bc9e6069ca90c\" class=\"blanco ColumnaIzquierda\">\n    <div class=\"acf-innerblocks-container\">\n\n<h4 class=\"wp-block-heading\">G\u00f3mez-Acebo &amp; Pombo advises on the sale of Fenwick Iribarren Architects to the Egis Group, reinforcing its leadership in architecture and sustainability.<\/h4>\n\n\n\n<p>GA_P has advised on the sale of Fenwick Iribarren Architects (FIA), an architectural firm specialising in design, refurbishment, consultancy and sports and events architecture, to the French Egis Group, a world leader in engineering, architecture, consultancy, operations and maintenance.<\/p>\n\n\n\n<p>The transaction will strengthen the Egis Group, broadening its business portfolio and reinforcing its presence in Europe. In turn, it is an opportunity for FIA to develop the potential of its teams together with the technical capabilities of Egis, especially in the world of sport and with a sustainable approach.<\/p>\n\n\n\n<p>The GA_P team was formed by David Riop\u00e9rez, Luis Pinedo and V\u00edctor Villaverde, partner and associates of the Corporate practice, Mariana D\u00edaz-Moro and Carla Fandi\u00f1o, partner and associate of the Tax practice, respectively, Lourdes Escassi, counsel of the Labour practice, and Mercedes Corbal and Cristina Bonfanti, associates of the Intellectual Property practice.<\/p>\n\n\n\n<div id=\"Boton-block_85364cd7259b015c492e7706506eb798\" class=\"Boton\">\n\n    <\/div>\n\n<\/div>\n<\/div>\n\n\n<div id=\"ColumnaSidebar-block_51f3c29d5d116fb00f7579a782883b9d\" class=\"blanco ColumnaSidebar\">\n    <div class=\"acf-innerblocks-container\">\n\n\n<div id=\"NoticiaPublicacionInformacion-block_3c7a95dbe78a6213792d79e667c7d898\" class=\"NoticiaPublicacionInformacion\">\n\n    <div class=\"personal_office\">\n        <div class=\"personal\">\n\n            \n                            <div class=\"abogados\">\n                    <div class=\"titleCategoria\">Lawyer mentioned<\/div>\n                    <div class=\"out itemCont\">\n                                                                                    <p class=\"item\">\n                                    <span class=\"rectangleBlu\"> <\/span>\n                                                                        <a href=\"https:\/\/ga-p.com\/persona\/david-rioperez\/\" class=\"nameAuthor\">David Riope\u0301rez<\/a>\n                                                                        <span class=\"charge\"> &#8211; Socio<\/span>\n                                <\/p>\n                                                                                                                <p class=\"item\">\n                                    <span class=\"rectangleBlu\"> <\/span>\n                                                                        <span class=\"nameAuthor text-decoration-none\">Luis Nicol\u00e1s Pinedo<\/span>\n                                                                        <span class=\"charge\"> &#8211; Asociado<\/span>\n                                <\/p>\n                                                                        <\/div>\n                                            <div class=\"inner itemCont\" style=\"display: none;\">\n                                                                                                <p class=\"item\">\n                                        <span class=\"rectangleBlu\"> <\/span>\n                                                                                <a href=\"https:\/\/ga-p.com\/persona\/mariana-diaz-moro\/\" class=\"nameAuthor\">Mariana D\u00edaz-Moro<\/a>\n                                                                                <span class=\"charge\"> &#8211; Socia<\/span>\n                                    <\/p>\n                                                                                                                                <p class=\"item\">\n                                        <span class=\"rectangleBlu\"> <\/span>\n                                                                                <a href=\"https:\/\/ga-p.com\/persona\/carla-fandino\/\" class=\"nameAuthor\">Carla Fandi\u00f1o<\/a>\n                                                                                <span class=\"charge\"> &#8211; Asociada S\u00e9nior<\/span>\n                                    <\/p>\n                                                                                                                                <p class=\"item\">\n                                        <span class=\"rectangleBlu\"> <\/span>\n                                                                                <a href=\"https:\/\/ga-p.com\/persona\/lourdes-escassi\/\" class=\"nameAuthor\">Lourdes Escassi<\/a>\n                                                                                <span class=\"charge\"> &#8211; Counsel<\/span>\n                                    <\/p>\n                                                                                                                                <p class=\"item\">\n                                        <span class=\"rectangleBlu\"> <\/span>\n                                                                                <a href=\"https:\/\/ga-p.com\/persona\/mercedes-corbal\/\" class=\"nameAuthor\">Mercedes Corbal<\/a>\n                                                                                <span class=\"charge\"> &#8211; Counsel<\/span>\n                                    <\/p>\n                                                                                    <\/div>\n                        <div class=\"primaryCta showMoreTrigger\">See all lawyers<img decoding=\"async\" alt=\"icon\" src=\"https:\/\/ga-p.com\/wp-content\/themes\/ga-p\/assets\/images\/arrow-down-flu-color.svg\" \/><\/div>\n                        <div class=\"d-none primaryCta showLessTrigger\">See less lawyers<img decoding=\"async\" alt=\"icon\" src=\"https:\/\/ga-p.com\/wp-content\/themes\/ga-p\/assets\/images\/arrow-down-flu-color.svg\" \/><\/div>\n                                    <\/div>\n            \n                        <div class=\"categorias\">\n                <div class=\"titleCategoria\">Category<\/div>\n                                    <p class=\"item\">\n                        <span class=\"rectangleBlu\"> <\/span>\n                        <span class=\"nameAuthor text-decoration-none\">Deal<\/span>\n                    <\/p>\n                            <\/div>\n            \n                        <div class=\"areas_sectores\">\n                <div class=\"titleCategoria\">Areas and sectors<\/div>\n                                                        <p class=\"item\">\n                        <span class=\"rectangleBlu\"> <\/span>\n                        <a href=\"https:\/\/ga-p.com\/en\/area\/corporate-and-m-a\/\" class=\"nameAuthor\">Corporate and M&amp;A<\/a>\n                    <\/p>\n                                        <p class=\"item\">\n                        <span class=\"rectangleBlu\"> <\/span>\n                        <a href=\"https:\/\/ga-p.com\/en\/area\/tax\/\" class=\"nameAuthor\">Tax<\/a>\n                    <\/p>\n                                        <p class=\"item\">\n                        <span class=\"rectangleBlu\"> <\/span>\n                        <a href=\"https:\/\/ga-p.com\/en\/area\/employment\/\" class=\"nameAuthor\">Employment<\/a>\n                    <\/p>\n                                        <p class=\"item\">\n                        <span class=\"rectangleBlu\"> <\/span>\n                        <a href=\"https:\/\/ga-p.com\/en\/area\/intellectual-property\/\" class=\"nameAuthor\">Intellectual Property<\/a>\n                    <\/p>\n                                                                <\/div>\n                <\/div>\n<\/div>\n\n<\/div>\n<\/div>\n\n<\/div>\n\n    <\/div>\n\n<\/div>\n\n\n<div id=\"ColumnaMasSidebar-block_355288ac58eeda85a45a640bc29e07ee\" class=\"ColumnaMasSidebar v1\">\n    <div class=\"container\">\n                <div class=\"hero-inner-blocks\">\n<div id=\"ColumnaIzquierda-block_5b79ae74442f5c47c63bc9e6069ca90c\" class=\"blanco ColumnaIzquierda\">\n    <div class=\"acf-innerblocks-container\">\n\n<div id=\"AnteriorSiguiente-block_99bad6bb5c04f69c7b0e7a0d1747a183\" class=\"AnteriorSiguiente\">\n\n\n            <div class=\"containerButtons\">\n            <a class=\"primaryCta prev \" href=\"https:\/\/ga-p.com\/en\/news\/ga_p-advises-virton-in-the-opposition-to-the-application-for-judicial-approval-of-compania-de-phalsbourgs-restructuring-plan\/\" target=\"_self\" title=\"prev post\">See previous                <img decoding=\"async\" alt=\"icon\" src=\"https:\/\/ga-p.com\/wp-content\/themes\/ga-p\/assets\/images\/arrow-left-primary.svg\" \/>\n            <\/a>\n            <a class=\"primaryCta next \" href=\"https:\/\/ga-p.com\/en\/news\/nuno-de-oliveira-garcia-analyses-the-general-state-budget-for-2025-advocatus-magazine\/\" target=\"_self\" title=\"next post\">See next                <img decoding=\"async\" alt=\"icon\" src=\"https:\/\/ga-p.com\/wp-content\/themes\/ga-p\/assets\/images\/arrow-right-primary.svg\" \/>\n            <\/a>\n        <\/div>\n    <\/div>\n<\/div>\n<\/div>\n\n<\/div>\n\n    <\/div>\n\n<\/div>\n\n\n\n<p><\/p>\n","protected":false},"excerpt":{"rendered":"<p>G\u00f3mez-Acebo &#038; Pombo advises on the sale of Fenwick Iribarren Architects to the Egis Group, reinforcing its leadership in architecture and sustainability.<\/p>\n","protected":false},"featured_media":0,"template":"","categoria":[117],"class_list":["post-323675","noticia","type-noticia","status-publish","hentry","categoria-deal-en"],"acf":[],"yoast_head":"<!-- This site is optimized with the Yoast SEO plugin v27.3 - https:\/\/yoast.com\/product\/yoast-seo-wordpress\/ -->\n<title>GA_P advises on the sale of FIA to Grupo Egis<\/title>\n<meta name=\"description\" content=\"GA_P advises on the sale of Fenwick Iribarren Architects to the Egis Group, reinforcing its leadership in architecture and sustainability.\" \/>\n<meta name=\"robots\" content=\"index, follow, max-snippet:-1, max-image-preview:large, max-video-preview:-1\" \/>\n<link rel=\"canonical\" href=\"https:\/\/ga-p.com\/en\/news\/ga_p-advises-on-the-sale-of-fenwick-iribarren-architects-fia-to-grupo-egis\/\" \/>\n<meta property=\"og:locale\" content=\"en_US\" \/>\n<meta property=\"og:type\" content=\"article\" \/>\n<meta property=\"og:title\" content=\"GA_P advises on the sale of FIA to Grupo Egis\" \/>\n<meta property=\"og:description\" content=\"GA_P advises on the sale of Fenwick Iribarren Architects to the Egis Group, reinforcing its leadership in architecture and sustainability.\" \/>\n<meta property=\"og:url\" content=\"https:\/\/ga-p.com\/en\/news\/ga_p-advises-on-the-sale-of-fenwick-iribarren-architects-fia-to-grupo-egis\/\" \/>\n<meta property=\"og:site_name\" content=\"Despacho de abogados G\u00f3mez-Acebo y Pombo\" \/>\n<meta property=\"article:modified_time\" content=\"2025-01-29T08:43:22+00:00\" \/>\n<meta name=\"twitter:card\" content=\"summary_large_image\" \/>\n<meta name=\"twitter:label1\" content=\"Est. reading time\" \/>\n\t<meta name=\"twitter:data1\" content=\"1 minute\" \/>\n<script type=\"application\/ld+json\" class=\"yoast-schema-graph\">{\"@context\":\"https:\\\/\\\/schema.org\",\"@graph\":[{\"@type\":\"WebPage\",\"@id\":\"https:\\\/\\\/ga-p.com\\\/en\\\/news\\\/ga_p-advises-on-the-sale-of-fenwick-iribarren-architects-fia-to-grupo-egis\\\/\",\"url\":\"https:\\\/\\\/ga-p.com\\\/en\\\/news\\\/ga_p-advises-on-the-sale-of-fenwick-iribarren-architects-fia-to-grupo-egis\\\/\",\"name\":\"GA_P advises on the sale of FIA to Grupo Egis\",\"isPartOf\":{\"@id\":\"https:\\\/\\\/ga-p.com\\\/en\\\/#website\"},\"datePublished\":\"2024-11-18T09:32:15+00:00\",\"dateModified\":\"2025-01-29T08:43:22+00:00\",\"description\":\"GA_P advises on the sale of Fenwick Iribarren Architects to the Egis Group, reinforcing its leadership in architecture and sustainability.\",\"breadcrumb\":{\"@id\":\"https:\\\/\\\/ga-p.com\\\/en\\\/news\\\/ga_p-advises-on-the-sale-of-fenwick-iribarren-architects-fia-to-grupo-egis\\\/#breadcrumb\"},\"inLanguage\":\"en-US\",\"potentialAction\":[{\"@type\":\"ReadAction\",\"target\":[\"https:\\\/\\\/ga-p.com\\\/en\\\/news\\\/ga_p-advises-on-the-sale-of-fenwick-iribarren-architects-fia-to-grupo-egis\\\/\"]}]},{\"@type\":\"BreadcrumbList\",\"@id\":\"https:\\\/\\\/ga-p.com\\\/en\\\/news\\\/ga_p-advises-on-the-sale-of-fenwick-iribarren-architects-fia-to-grupo-egis\\\/#breadcrumb\",\"itemListElement\":[{\"@type\":\"ListItem\",\"position\":1,\"name\":\"Portada\",\"item\":\"https:\\\/\\\/ga-p.com\\\/en\\\/\"},{\"@type\":\"ListItem\",\"position\":2,\"name\":\"GA_P advises on the sale of Fenwick Iribarren Architects (FIA) to Grupo Egis\"}]},{\"@type\":\"WebSite\",\"@id\":\"https:\\\/\\\/ga-p.com\\\/en\\\/#website\",\"url\":\"https:\\\/\\\/ga-p.com\\\/en\\\/\",\"name\":\"Despacho de abogados G\u00f3mez-Acebo & Pombo\",\"description\":\"G\u00f3mez-Acebo y Pombo es una firma de abogados independiente, con experiencia internacional, especializada en todas las \u00e1reas del derecho de los negocio.\",\"publisher\":{\"@id\":\"https:\\\/\\\/ga-p.com\\\/en\\\/#organization\"},\"potentialAction\":[{\"@type\":\"SearchAction\",\"target\":{\"@type\":\"EntryPoint\",\"urlTemplate\":\"https:\\\/\\\/ga-p.com\\\/en\\\/?s={search_term_string}\"},\"query-input\":{\"@type\":\"PropertyValueSpecification\",\"valueRequired\":true,\"valueName\":\"search_term_string\"}}],\"inLanguage\":\"en-US\"},{\"@type\":\"Organization\",\"@id\":\"https:\\\/\\\/ga-p.com\\\/en\\\/#organization\",\"name\":\"Despacho de abogados G\u00f3mez-Acebo & Pombo\",\"url\":\"https:\\\/\\\/ga-p.com\\\/en\\\/\",\"logo\":{\"@type\":\"ImageObject\",\"inLanguage\":\"en-US\",\"@id\":\"https:\\\/\\\/ga-p.com\\\/en\\\/#\\\/schema\\\/logo\\\/image\\\/\",\"url\":\"https:\\\/\\\/ga-p.com\\\/wp-content\\\/uploads\\\/2024\\\/09\\\/Logo-1-1.svg\",\"contentUrl\":\"https:\\\/\\\/ga-p.com\\\/wp-content\\\/uploads\\\/2024\\\/09\\\/Logo-1-1.svg\",\"caption\":\"Despacho de abogados G\u00f3mez-Acebo & Pombo\"},\"image\":{\"@id\":\"https:\\\/\\\/ga-p.com\\\/en\\\/#\\\/schema\\\/logo\\\/image\\\/\"}}]}<\/script>\n<!-- \/ Yoast SEO plugin. -->","yoast_head_json":{"title":"GA_P advises on the sale of FIA to Grupo Egis","description":"GA_P advises on the sale of Fenwick Iribarren Architects to the Egis Group, reinforcing its leadership in architecture and sustainability.","robots":{"index":"index","follow":"follow","max-snippet":"max-snippet:-1","max-image-preview":"max-image-preview:large","max-video-preview":"max-video-preview:-1"},"canonical":"https:\/\/ga-p.com\/en\/news\/ga_p-advises-on-the-sale-of-fenwick-iribarren-architects-fia-to-grupo-egis\/","og_locale":"en_US","og_type":"article","og_title":"GA_P advises on the sale of FIA to Grupo Egis","og_description":"GA_P advises on the sale of Fenwick Iribarren Architects to the Egis Group, reinforcing its leadership in architecture and sustainability.","og_url":"https:\/\/ga-p.com\/en\/news\/ga_p-advises-on-the-sale-of-fenwick-iribarren-architects-fia-to-grupo-egis\/","og_site_name":"Despacho de abogados G\u00f3mez-Acebo y Pombo","article_modified_time":"2025-01-29T08:43:22+00:00","twitter_card":"summary_large_image","twitter_misc":{"Est. reading time":"1 minute"},"schema":{"@context":"https:\/\/schema.org","@graph":[{"@type":"WebPage","@id":"https:\/\/ga-p.com\/en\/news\/ga_p-advises-on-the-sale-of-fenwick-iribarren-architects-fia-to-grupo-egis\/","url":"https:\/\/ga-p.com\/en\/news\/ga_p-advises-on-the-sale-of-fenwick-iribarren-architects-fia-to-grupo-egis\/","name":"GA_P advises on the sale of FIA to Grupo Egis","isPartOf":{"@id":"https:\/\/ga-p.com\/en\/#website"},"datePublished":"2024-11-18T09:32:15+00:00","dateModified":"2025-01-29T08:43:22+00:00","description":"GA_P advises on the sale of Fenwick Iribarren Architects to the Egis Group, reinforcing its leadership in architecture and sustainability.","breadcrumb":{"@id":"https:\/\/ga-p.com\/en\/news\/ga_p-advises-on-the-sale-of-fenwick-iribarren-architects-fia-to-grupo-egis\/#breadcrumb"},"inLanguage":"en-US","potentialAction":[{"@type":"ReadAction","target":["https:\/\/ga-p.com\/en\/news\/ga_p-advises-on-the-sale-of-fenwick-iribarren-architects-fia-to-grupo-egis\/"]}]},{"@type":"BreadcrumbList","@id":"https:\/\/ga-p.com\/en\/news\/ga_p-advises-on-the-sale-of-fenwick-iribarren-architects-fia-to-grupo-egis\/#breadcrumb","itemListElement":[{"@type":"ListItem","position":1,"name":"Portada","item":"https:\/\/ga-p.com\/en\/"},{"@type":"ListItem","position":2,"name":"GA_P advises on the sale of Fenwick Iribarren Architects (FIA) to Grupo Egis"}]},{"@type":"WebSite","@id":"https:\/\/ga-p.com\/en\/#website","url":"https:\/\/ga-p.com\/en\/","name":"Despacho de abogados G\u00f3mez-Acebo & Pombo","description":"G\u00f3mez-Acebo y Pombo es una firma de abogados independiente, con experiencia internacional, especializada en todas las \u00e1reas del derecho de los negocio.","publisher":{"@id":"https:\/\/ga-p.com\/en\/#organization"},"potentialAction":[{"@type":"SearchAction","target":{"@type":"EntryPoint","urlTemplate":"https:\/\/ga-p.com\/en\/?s={search_term_string}"},"query-input":{"@type":"PropertyValueSpecification","valueRequired":true,"valueName":"search_term_string"}}],"inLanguage":"en-US"},{"@type":"Organization","@id":"https:\/\/ga-p.com\/en\/#organization","name":"Despacho de abogados G\u00f3mez-Acebo & Pombo","url":"https:\/\/ga-p.com\/en\/","logo":{"@type":"ImageObject","inLanguage":"en-US","@id":"https:\/\/ga-p.com\/en\/#\/schema\/logo\/image\/","url":"https:\/\/ga-p.com\/wp-content\/uploads\/2024\/09\/Logo-1-1.svg","contentUrl":"https:\/\/ga-p.com\/wp-content\/uploads\/2024\/09\/Logo-1-1.svg","caption":"Despacho de abogados G\u00f3mez-Acebo & Pombo"},"image":{"@id":"https:\/\/ga-p.com\/en\/#\/schema\/logo\/image\/"}}]}},"_links":{"self":[{"href":"https:\/\/ga-p.com\/en\/wp-json\/wp\/v2\/noticia\/323675","targetHints":{"allow":["GET"]}}],"collection":[{"href":"https:\/\/ga-p.com\/en\/wp-json\/wp\/v2\/noticia"}],"about":[{"href":"https:\/\/ga-p.com\/en\/wp-json\/wp\/v2\/types\/noticia"}],"wp:attachment":[{"href":"https:\/\/ga-p.com\/en\/wp-json\/wp\/v2\/media?parent=323675"}],"wp:term":[{"taxonomy":"categoria","embeddable":true,"href":"https:\/\/ga-p.com\/en\/wp-json\/wp\/v2\/categoria?post=323675"}],"curies":[{"name":"wp","href":"https:\/\/api.w.org\/{rel}","templated":true}]}}