{"id":345935,"date":"2025-04-09T19:03:01","date_gmt":"2025-04-09T17:03:01","guid":{"rendered":"https:\/\/ga-p.com\/?post_type=noticia&#038;p=345935"},"modified":"2025-04-09T19:12:13","modified_gmt":"2025-04-09T17:12:13","slug":"irene-fernandez-puyol-participates-in-the-iii-infrastructure-forum-el-economista","status":"publish","type":"noticia","link":"https:\/\/ga-p.com\/en\/news\/irene-fernandez-puyol-participates-in-the-iii-infrastructure-forum-el-economista\/","title":{"rendered":"Irene Fern\u00e1ndez Puyol participates in the III Infrastructure Forum | El Economista"},"content":{"rendered":"<div id=\"ColumnaMasSidebar-block_3decead1f56cbb81007b1b72b515e85d\" class=\"ColumnaMasSidebar v1\">\n    <div class=\"container\">\n                <div class=\"hero-inner-blocks\">\n<div id=\"ColumnaIzquierda-block_a8748bea739ecc299188b2be8fcba964\" class=\"blanco ColumnaIzquierda\">\n    <div class=\"acf-innerblocks-container\">\n\n<h4 class=\"wp-block-heading\">The III Infrastructure Forum concluded with the agreement on the urgency of modifying the regulatory framework to address the growing investment needs, especially in areas such as water, transport and energy transition.<\/h4>\n\n\n\n<p>\u201cWe cannot expect investors to bear all the risks without institutional certainty\u201d, warned Irene Fern\u00e1ndez Puyol, partner of Public Law and Regulated Sectors, in her speech at the Forum. In her opinion, the current regulatory context is excessively complex and fragmented, especially in the environmental field, where regional and national frameworks coexist, making planning difficult. This lack of homogeneity, together with constant regulatory changes, deters many operators.<\/p>\n\n\n\n<p>\u201cThey cannot be approached as a relationship between a strong party and a weak party, but as a partnership between equals\u201d, she explains. In this sense, she called for a better structuring of risks and a review of tendering and contracting models.<\/p>\n\n\n\n<p>She also pointed out that the uncertainty over availability payments or the revision of tariffs in certain contracts is causing some international funds to rethink their strategy in Spain. \u201cThere is no appetite for investment when the framework changes in the middle of the game\u201d, she summarised.<\/p>\n\n\n\n<div id=\"Boton-block_2c372ded2c002981dc11a04400295186\" class=\"Boton\">\n\n            <a class=\"primaryCta scaleFromLeft rotateIcon\" href=\"https:\/\/www.eleconomista.es\/infraestructuras-servicios\/noticias\/13308229\/04\/25\/las-concesionarias-reclaman-un-nuevo-marco-normativo-para-movilizar-la-inversion.html\" target=\"_blank\"><span>Read more<\/span>\n                        <div class=\"containerImg\"><img decoding=\"async\" alt=\"icon\" src=\"https:\/\/ga-p.com\/wp-content\/themes\/ga-p\/assets\/images\/external-icon.svg\" \/><\/div><\/a>\n            <\/div>\n\n<\/div>\n<\/div>\n\n\n<div id=\"ColumnaSidebar-block_af32e63c608f7ad1ac7280941c09b745\" class=\"blanco ColumnaSidebar\">\n    <div class=\"acf-innerblocks-container\">\n\n\n<div id=\"NoticiaPublicacionInformacion-block_d0bda2c0c7a8c83b8f8f1af7d97b3b8d\" class=\"NoticiaPublicacionInformacion\">\n\n    <div class=\"personal_office\">\n        <div class=\"personal\">\n\n            \n                            <div class=\"abogados\">\n                    <div class=\"titleCategoria\">Lawyer mentioned<\/div>\n                    <div class=\"out itemCont\">\n                                                                                    <p class=\"item\">\n                                    <span class=\"rectangleBlu\"> <\/span>\n                                                                        <a href=\"https:\/\/ga-p.com\/en\/person\/irene-fernandez-puyol\/\" class=\"nameAuthor\">Irene Ferna\u0301ndez Puyol<\/a>\n                                                                        <span class=\"charge\"> &#8211; Partner<\/span>\n                                <\/p>\n                                                                        <\/div>\n                                    <\/div>\n            \n                        <div class=\"categorias\">\n                <div class=\"titleCategoria\">Category<\/div>\n                                    <p class=\"item\">\n                        <span class=\"rectangleBlu\"> <\/span>\n                        <span class=\"nameAuthor text-decoration-none\">Press mention<\/span>\n                    <\/p>\n                            <\/div>\n            \n                        <div class=\"areas_sectores\">\n                <div class=\"titleCategoria\">Areas and sectors<\/div>\n                                                        <p class=\"item\">\n                        <span class=\"rectangleBlu\"> <\/span>\n                        <a href=\"https:\/\/ga-p.com\/en\/area\/public-law-and-regulated-sectors\/\" class=\"nameAuthor\">Public Law and Regulated Sectors<\/a>\n                    <\/p>\n                                                                                                <p class=\"item\">\n                            <span class=\"rectangleBlu\"> <\/span>\n                            <a href=\"https:\/\/ga-p.com\/en\/sector\/infraestructure\/\" class=\"nameAuthor\">Infrastructure<\/a>\n                        <\/p>\n                                                <\/div>\n                <\/div>\n<\/div>\n\n<\/div>\n<\/div>\n\n<\/div>\n\n    <\/div>\n\n<\/div>\n\n\n<div id=\"ColumnaMasSidebar-block_3decead1f56cbb81007b1b72b515e85d\" class=\"ColumnaMasSidebar v1\">\n    <div class=\"container\">\n                <div class=\"hero-inner-blocks\">\n<div id=\"ColumnaIzquierda-block_a8748bea739ecc299188b2be8fcba964\" class=\"blanco ColumnaIzquierda\">\n    <div class=\"acf-innerblocks-container\">\n\n<div id=\"AnteriorSiguiente-block_c90308783a89075666f508540106f78c\" class=\"AnteriorSiguiente\">\n\n\n            <div class=\"containerButtons\">\n            <a class=\"primaryCta prev \" href=\"https:\/\/ga-p.com\/en\/news\/rafael-aguilera-talks-about-the-impact-of-financing-in-the-current-macroeconomic-framework-el-confidencial\/\" target=\"_self\" title=\"prev post\">See previous                <img decoding=\"async\" alt=\"icon\" src=\"https:\/\/ga-p.com\/wp-content\/themes\/ga-p\/assets\/images\/arrow-left-primary.svg\" \/>\n            <\/a>\n            <a class=\"primaryCta next \" href=\"https:\/\/ga-p.com\/en\/news\/miguel-lamo-de-espinosa-talks-about-the-new-restructuring-framework-expansion\/\" target=\"_self\" title=\"next post\">See next                <img decoding=\"async\" alt=\"icon\" src=\"https:\/\/ga-p.com\/wp-content\/themes\/ga-p\/assets\/images\/arrow-right-primary.svg\" \/>\n            <\/a>\n        <\/div>\n    <\/div>\n<\/div>\n<\/div>\n\n<\/div>\n\n    <\/div>\n\n<\/div>\n","protected":false},"excerpt":{"rendered":"<p>The III Infrastructure Forum concluded with the agreement on the urgency of modifying the regulatory framework to address the growing investment needs, especially in areas such as water, transport and energy transition.<\/p>\n","protected":false},"featured_media":0,"template":"","categoria":[273],"class_list":["post-345935","noticia","type-noticia","status-publish","hentry","categoria-press-mention"],"acf":[],"yoast_head":"<!-- This site is optimized with the Yoast SEO plugin v27.3 - https:\/\/yoast.com\/product\/yoast-seo-wordpress\/ -->\n<title>Irene Fern\u00e1ndez Puyol participates in the III Infrastructure Forum<\/title>\n<meta name=\"description\" content=\"The III Infrastructure Forum concluded with the agreement on the urgency of modifying the regulatory framework to address the growing investment needs, especially in areas such as water, transport and energy transition.\" \/>\n<meta name=\"robots\" content=\"index, follow, max-snippet:-1, max-image-preview:large, max-video-preview:-1\" \/>\n<link rel=\"canonical\" href=\"https:\/\/ga-p.com\/en\/news\/irene-fernandez-puyol-participates-in-the-iii-infrastructure-forum-el-economista\/\" \/>\n<meta property=\"og:locale\" content=\"en_US\" \/>\n<meta property=\"og:type\" content=\"article\" \/>\n<meta property=\"og:title\" content=\"Irene Fern\u00e1ndez Puyol participates in the III Infrastructure Forum\" \/>\n<meta property=\"og:description\" content=\"The III Infrastructure Forum concluded with the agreement on the urgency of modifying the regulatory framework to address the growing investment needs, especially in areas such as water, transport and energy transition.\" \/>\n<meta property=\"og:url\" content=\"https:\/\/ga-p.com\/en\/news\/irene-fernandez-puyol-participates-in-the-iii-infrastructure-forum-el-economista\/\" \/>\n<meta property=\"og:site_name\" content=\"Despacho de abogados G\u00f3mez-Acebo y Pombo\" \/>\n<meta property=\"article:modified_time\" content=\"2025-04-09T17:12:13+00:00\" \/>\n<meta name=\"twitter:card\" content=\"summary_large_image\" \/>\n<meta name=\"twitter:label1\" content=\"Est. reading time\" \/>\n\t<meta name=\"twitter:data1\" content=\"1 minute\" \/>\n<script type=\"application\/ld+json\" class=\"yoast-schema-graph\">{\"@context\":\"https:\\\/\\\/schema.org\",\"@graph\":[{\"@type\":\"WebPage\",\"@id\":\"https:\\\/\\\/ga-p.com\\\/en\\\/news\\\/irene-fernandez-puyol-participates-in-the-iii-infrastructure-forum-el-economista\\\/\",\"url\":\"https:\\\/\\\/ga-p.com\\\/en\\\/news\\\/irene-fernandez-puyol-participates-in-the-iii-infrastructure-forum-el-economista\\\/\",\"name\":\"Irene Fern\u00e1ndez Puyol participates in the III Infrastructure Forum\",\"isPartOf\":{\"@id\":\"https:\\\/\\\/ga-p.com\\\/en\\\/#website\"},\"datePublished\":\"2025-04-09T17:03:01+00:00\",\"dateModified\":\"2025-04-09T17:12:13+00:00\",\"description\":\"The III Infrastructure Forum concluded with the agreement on the urgency of modifying the regulatory framework to address the growing investment needs, especially in areas such as water, transport and energy transition.\",\"breadcrumb\":{\"@id\":\"https:\\\/\\\/ga-p.com\\\/en\\\/news\\\/irene-fernandez-puyol-participates-in-the-iii-infrastructure-forum-el-economista\\\/#breadcrumb\"},\"inLanguage\":\"en-US\",\"potentialAction\":[{\"@type\":\"ReadAction\",\"target\":[\"https:\\\/\\\/ga-p.com\\\/en\\\/news\\\/irene-fernandez-puyol-participates-in-the-iii-infrastructure-forum-el-economista\\\/\"]}]},{\"@type\":\"BreadcrumbList\",\"@id\":\"https:\\\/\\\/ga-p.com\\\/en\\\/news\\\/irene-fernandez-puyol-participates-in-the-iii-infrastructure-forum-el-economista\\\/#breadcrumb\",\"itemListElement\":[{\"@type\":\"ListItem\",\"position\":1,\"name\":\"Portada\",\"item\":\"https:\\\/\\\/ga-p.com\\\/en\\\/\"},{\"@type\":\"ListItem\",\"position\":2,\"name\":\"Irene Fern\u00e1ndez Puyol participates in the III Infrastructure Forum | El Economista\"}]},{\"@type\":\"WebSite\",\"@id\":\"https:\\\/\\\/ga-p.com\\\/en\\\/#website\",\"url\":\"https:\\\/\\\/ga-p.com\\\/en\\\/\",\"name\":\"Despacho de abogados G\u00f3mez-Acebo & Pombo\",\"description\":\"G\u00f3mez-Acebo y Pombo es una firma de abogados independiente, con experiencia internacional, especializada en todas las \u00e1reas del derecho de los negocio.\",\"publisher\":{\"@id\":\"https:\\\/\\\/ga-p.com\\\/en\\\/#organization\"},\"potentialAction\":[{\"@type\":\"SearchAction\",\"target\":{\"@type\":\"EntryPoint\",\"urlTemplate\":\"https:\\\/\\\/ga-p.com\\\/en\\\/?s={search_term_string}\"},\"query-input\":{\"@type\":\"PropertyValueSpecification\",\"valueRequired\":true,\"valueName\":\"search_term_string\"}}],\"inLanguage\":\"en-US\"},{\"@type\":\"Organization\",\"@id\":\"https:\\\/\\\/ga-p.com\\\/en\\\/#organization\",\"name\":\"Despacho de abogados G\u00f3mez-Acebo & Pombo\",\"url\":\"https:\\\/\\\/ga-p.com\\\/en\\\/\",\"logo\":{\"@type\":\"ImageObject\",\"inLanguage\":\"en-US\",\"@id\":\"https:\\\/\\\/ga-p.com\\\/en\\\/#\\\/schema\\\/logo\\\/image\\\/\",\"url\":\"https:\\\/\\\/ga-p.com\\\/wp-content\\\/uploads\\\/2024\\\/09\\\/Logo-1-1.svg\",\"contentUrl\":\"https:\\\/\\\/ga-p.com\\\/wp-content\\\/uploads\\\/2024\\\/09\\\/Logo-1-1.svg\",\"caption\":\"Despacho de abogados G\u00f3mez-Acebo & Pombo\"},\"image\":{\"@id\":\"https:\\\/\\\/ga-p.com\\\/en\\\/#\\\/schema\\\/logo\\\/image\\\/\"}}]}<\/script>\n<!-- \/ Yoast SEO plugin. -->","yoast_head_json":{"title":"Irene Fern\u00e1ndez Puyol participates in the III Infrastructure Forum","description":"The III Infrastructure Forum concluded with the agreement on the urgency of modifying the regulatory framework to address the growing investment needs, especially in areas such as water, transport and energy transition.","robots":{"index":"index","follow":"follow","max-snippet":"max-snippet:-1","max-image-preview":"max-image-preview:large","max-video-preview":"max-video-preview:-1"},"canonical":"https:\/\/ga-p.com\/en\/news\/irene-fernandez-puyol-participates-in-the-iii-infrastructure-forum-el-economista\/","og_locale":"en_US","og_type":"article","og_title":"Irene Fern\u00e1ndez Puyol participates in the III Infrastructure Forum","og_description":"The III Infrastructure Forum concluded with the agreement on the urgency of modifying the regulatory framework to address the growing investment needs, especially in areas such as water, transport and energy transition.","og_url":"https:\/\/ga-p.com\/en\/news\/irene-fernandez-puyol-participates-in-the-iii-infrastructure-forum-el-economista\/","og_site_name":"Despacho de abogados G\u00f3mez-Acebo y Pombo","article_modified_time":"2025-04-09T17:12:13+00:00","twitter_card":"summary_large_image","twitter_misc":{"Est. reading time":"1 minute"},"schema":{"@context":"https:\/\/schema.org","@graph":[{"@type":"WebPage","@id":"https:\/\/ga-p.com\/en\/news\/irene-fernandez-puyol-participates-in-the-iii-infrastructure-forum-el-economista\/","url":"https:\/\/ga-p.com\/en\/news\/irene-fernandez-puyol-participates-in-the-iii-infrastructure-forum-el-economista\/","name":"Irene Fern\u00e1ndez Puyol participates in the III Infrastructure Forum","isPartOf":{"@id":"https:\/\/ga-p.com\/en\/#website"},"datePublished":"2025-04-09T17:03:01+00:00","dateModified":"2025-04-09T17:12:13+00:00","description":"The III Infrastructure Forum concluded with the agreement on the urgency of modifying the regulatory framework to address the growing investment needs, especially in areas such as water, transport and energy transition.","breadcrumb":{"@id":"https:\/\/ga-p.com\/en\/news\/irene-fernandez-puyol-participates-in-the-iii-infrastructure-forum-el-economista\/#breadcrumb"},"inLanguage":"en-US","potentialAction":[{"@type":"ReadAction","target":["https:\/\/ga-p.com\/en\/news\/irene-fernandez-puyol-participates-in-the-iii-infrastructure-forum-el-economista\/"]}]},{"@type":"BreadcrumbList","@id":"https:\/\/ga-p.com\/en\/news\/irene-fernandez-puyol-participates-in-the-iii-infrastructure-forum-el-economista\/#breadcrumb","itemListElement":[{"@type":"ListItem","position":1,"name":"Portada","item":"https:\/\/ga-p.com\/en\/"},{"@type":"ListItem","position":2,"name":"Irene Fern\u00e1ndez Puyol participates in the III Infrastructure Forum | El Economista"}]},{"@type":"WebSite","@id":"https:\/\/ga-p.com\/en\/#website","url":"https:\/\/ga-p.com\/en\/","name":"Despacho de abogados G\u00f3mez-Acebo & Pombo","description":"G\u00f3mez-Acebo y Pombo es una firma de abogados independiente, con experiencia internacional, especializada en todas las \u00e1reas del derecho de los negocio.","publisher":{"@id":"https:\/\/ga-p.com\/en\/#organization"},"potentialAction":[{"@type":"SearchAction","target":{"@type":"EntryPoint","urlTemplate":"https:\/\/ga-p.com\/en\/?s={search_term_string}"},"query-input":{"@type":"PropertyValueSpecification","valueRequired":true,"valueName":"search_term_string"}}],"inLanguage":"en-US"},{"@type":"Organization","@id":"https:\/\/ga-p.com\/en\/#organization","name":"Despacho de abogados G\u00f3mez-Acebo & Pombo","url":"https:\/\/ga-p.com\/en\/","logo":{"@type":"ImageObject","inLanguage":"en-US","@id":"https:\/\/ga-p.com\/en\/#\/schema\/logo\/image\/","url":"https:\/\/ga-p.com\/wp-content\/uploads\/2024\/09\/Logo-1-1.svg","contentUrl":"https:\/\/ga-p.com\/wp-content\/uploads\/2024\/09\/Logo-1-1.svg","caption":"Despacho de abogados G\u00f3mez-Acebo & Pombo"},"image":{"@id":"https:\/\/ga-p.com\/en\/#\/schema\/logo\/image\/"}}]}},"_links":{"self":[{"href":"https:\/\/ga-p.com\/en\/wp-json\/wp\/v2\/noticia\/345935","targetHints":{"allow":["GET"]}}],"collection":[{"href":"https:\/\/ga-p.com\/en\/wp-json\/wp\/v2\/noticia"}],"about":[{"href":"https:\/\/ga-p.com\/en\/wp-json\/wp\/v2\/types\/noticia"}],"wp:attachment":[{"href":"https:\/\/ga-p.com\/en\/wp-json\/wp\/v2\/media?parent=345935"}],"wp:term":[{"taxonomy":"categoria","embeddable":true,"href":"https:\/\/ga-p.com\/en\/wp-json\/wp\/v2\/categoria?post=345935"}],"curies":[{"name":"wp","href":"https:\/\/api.w.org\/{rel}","templated":true}]}}