{"id":390049,"date":"2026-03-09T15:51:56","date_gmt":"2026-03-09T14:51:56","guid":{"rendered":"https:\/\/ga-p.com\/prensa\/a-agua-e-os-setores-vedados-aos-privados-o-imperativo-de-separar-bem-as-aguas-eco\/"},"modified":"2026-03-10T17:37:06","modified_gmt":"2026-03-10T16:37:06","slug":"a-agua-e-os-setores-vedados-aos-privados-o-imperativo-de-separar-bem-as-aguas-eco","status":"publish","type":"noticia","link":"https:\/\/ga-p.com\/en\/news\/a-agua-e-os-setores-vedados-aos-privados-o-imperativo-de-separar-bem-as-aguas-eco\/","title":{"rendered":"Ana Lu\u00edsa Guimar\u00e3es analyses the sectors closed to private initiative in the field of water. | ECO"},"content":{"rendered":"<div id=\"ColumnaMasSidebar-block_7dd0341a71be0e021156e8f01f5d8b4a\" class=\"ColumnaMasSidebar v1\">\n    <div class=\"container\">\n                <div class=\"hero-inner-blocks\">\n<div id=\"ColumnaIzquierda-block_490c5abda9d29d933c111b95529b6607\" class=\"blanco ColumnaIzquierda\">\n    <div class=\"acf-innerblocks-container\">\n\n<h4 class=\"wp-block-heading\">Ana Lu\u00edsa highlights: \u2018Water and the sectors closed to private entities: the imperative to keep waters properly separated.\u2019<\/h4>\n\n\n\n<p>Clarifying the constitutional and legislative framework applicable to the water sector becomes especially relevant at a time when the management of water resources is assuming a strategic role in the country\u2019s competitiveness and resilience. In her opinion piece published in ECO, Ana Lu\u00edsa Guimar\u00e3es examines in depth the limits on private involvement and the need to distinguish, with precision, which activities are effectively reserved for the public sector.<\/p>\n\n\n\n<p><\/p>\n\n\n\n<div id=\"Boton-block_9129fe7808d41d7b33166807147ed51e\" class=\"Boton\">\n\n            <a class=\"primaryCta scaleFromLeft rotateIcon\" href=\"https:\/\/eco.sapo.pt\/opiniao\/a-agua-e-os-setores-vedados-aos-privados-o-imperativo-de-separar-bem-as-aguas\/\" target=\"_blank\"><span>Ver not\u00edcia<\/span>\n                        <div class=\"containerImg\"><img decoding=\"async\" alt=\"icon\" src=\"https:\/\/ga-p.com\/wp-content\/themes\/ga-p\/assets\/images\/external-icon.svg\" \/><\/div><\/a>\n            <\/div>\n\n<\/div>\n<\/div>\n\n\n<div id=\"ColumnaSidebar-block_193a281a074125e2855348e871632a0b\" class=\"blanco ColumnaSidebar\">\n    <div class=\"acf-innerblocks-container\">\n\n\n<div id=\"NoticiaPublicacionInformacion-block_84d828ab8680df0cc2923aafe4ab5ae2\" class=\"NoticiaPublicacionInformacion\">\n\n    <div class=\"personal_office\">\n        <div class=\"personal\">\n\n            \n                            <div class=\"abogados\">\n                    <div class=\"titleCategoria\">Lawyer mentioned<\/div>\n                    <div class=\"out itemCont\">\n                                                                                    <p class=\"item\">\n                                    <span class=\"rectangleBlu\"> <\/span>\n                                                                        <a href=\"https:\/\/ga-p.com\/en\/person\/ana-luisa-guimaraes\/\" class=\"nameAuthor\">Ana Lu\u00edsa Guimara\u0303es<\/a>\n                                                                        <span class=\"charge\"> &#8211; Partner<\/span>\n                                <\/p>\n                                                                        <\/div>\n                                    <\/div>\n            \n                        <div class=\"categorias\">\n                <div class=\"titleCategoria\">Category<\/div>\n                                    <p class=\"item\">\n                        <span class=\"rectangleBlu\"> <\/span>\n                        <span class=\"nameAuthor text-decoration-none\">Press Release<\/span>\n                    <\/p>\n                            <\/div>\n            \n                        <div class=\"areas_sectores\">\n                <div class=\"titleCategoria\">Areas and sectors<\/div>\n                                                        <p class=\"item\">\n                        <span class=\"rectangleBlu\"> <\/span>\n                        <a href=\"https:\/\/ga-p.com\/en\/area\/public-law-and-regulated-sectors\/\" class=\"nameAuthor\">Public Law and Regulated Sectors<\/a>\n                    <\/p>\n                                                                <\/div>\n                <\/div>\n<\/div>\n\n<\/div>\n<\/div>\n\n<\/div>\n\n    <\/div>\n\n<\/div>\n\n\n<div id=\"ColumnaMasSidebar-block_7dd0341a71be0e021156e8f01f5d8b4a\" class=\"ColumnaMasSidebar v1\">\n    <div class=\"container\">\n                <div class=\"hero-inner-blocks\">\n<div id=\"ColumnaIzquierda-block_490c5abda9d29d933c111b95529b6607\" class=\"blanco ColumnaIzquierda\">\n    <div class=\"acf-innerblocks-container\">\n\n<div id=\"AnteriorSiguiente-block_3ab0c2fab98d6d16de38a51f4769ddca\" class=\"AnteriorSiguiente\">\n\n\n            <div class=\"containerButtons\">\n            <a class=\"primaryCta prev \" href=\"https:\/\/ga-p.com\/en\/news\/mafalda-barreto-destaca-transformacao-do-mercado-juridico-portugues-e-reforca-o-papel-estrategico-dos-novos-modelos-de-gestao-lider-legal\/\" target=\"_self\" title=\"prev post\">See previous                <img decoding=\"async\" alt=\"icon\" src=\"https:\/\/ga-p.com\/wp-content\/themes\/ga-p\/assets\/images\/arrow-left-primary.svg\" \/>\n            <\/a>\n            <a class=\"primaryCta next \" href=\"https:\/\/ga-p.com\/en\/news\/veronica-romani-in-the-top-100-women-leaders-in-the-legal-sector-2026-todojuristas\/\" target=\"_self\" title=\"next post\">See next                <img decoding=\"async\" alt=\"icon\" src=\"https:\/\/ga-p.com\/wp-content\/themes\/ga-p\/assets\/images\/arrow-right-primary.svg\" \/>\n            <\/a>\n        <\/div>\n    <\/div>\n<\/div>\n<\/div>\n\n<\/div>\n\n    <\/div>\n\n<\/div>\n","protected":false},"excerpt":{"rendered":"<p>Ana Lu\u00edsa Guimar\u00e3es analisa os setores vedados \u00e0 iniciativa privada no dom\u00ednio da \u00e1gua<\/p>\n","protected":false},"featured_media":0,"template":"","categoria":[115],"class_list":["post-390049","noticia","type-noticia","status-publish","hentry","categoria-press-release-en"],"acf":[],"yoast_head":"<!-- This site is optimized with the Yoast SEO plugin v27.3 - https:\/\/yoast.com\/product\/yoast-seo-wordpress\/ -->\n<title>Ana Lu\u00edsa Guimar\u00e3es analyses the sectors closed to private initiative in the field of water. | ECO - Despacho de abogados G\u00f3mez-Acebo y Pombo<\/title>\n<meta name=\"description\" content=\"Ana Lu\u00edsa Guimar\u00e3es analisa os setores vedados \u00e0 iniciativa privada no dom\u00ednio da \u00e1gua\" \/>\n<meta name=\"robots\" content=\"index, follow, max-snippet:-1, max-image-preview:large, max-video-preview:-1\" \/>\n<link rel=\"canonical\" href=\"https:\/\/ga-p.com\/en\/news\/a-agua-e-os-setores-vedados-aos-privados-o-imperativo-de-separar-bem-as-aguas-eco\/\" \/>\n<meta property=\"og:locale\" content=\"en_US\" \/>\n<meta property=\"og:type\" content=\"article\" \/>\n<meta property=\"og:title\" content=\"Ana Lu\u00edsa Guimar\u00e3es analyses the sectors closed to private initiative in the field of water. | ECO - Despacho de abogados G\u00f3mez-Acebo y Pombo\" \/>\n<meta property=\"og:description\" content=\"Ana Lu\u00edsa Guimar\u00e3es analisa os setores vedados \u00e0 iniciativa privada no dom\u00ednio da \u00e1gua\" \/>\n<meta property=\"og:url\" content=\"https:\/\/ga-p.com\/en\/news\/a-agua-e-os-setores-vedados-aos-privados-o-imperativo-de-separar-bem-as-aguas-eco\/\" \/>\n<meta property=\"og:site_name\" content=\"Despacho de abogados G\u00f3mez-Acebo y Pombo\" \/>\n<meta property=\"article:modified_time\" content=\"2026-03-10T16:37:06+00:00\" \/>\n<meta name=\"twitter:card\" content=\"summary_large_image\" \/>\n<meta name=\"twitter:label1\" content=\"Est. reading time\" \/>\n\t<meta name=\"twitter:data1\" content=\"1 minute\" \/>\n<script type=\"application\/ld+json\" class=\"yoast-schema-graph\">{\"@context\":\"https:\\\/\\\/schema.org\",\"@graph\":[{\"@type\":\"WebPage\",\"@id\":\"https:\\\/\\\/ga-p.com\\\/en\\\/news\\\/a-agua-e-os-setores-vedados-aos-privados-o-imperativo-de-separar-bem-as-aguas-eco\\\/\",\"url\":\"https:\\\/\\\/ga-p.com\\\/en\\\/news\\\/a-agua-e-os-setores-vedados-aos-privados-o-imperativo-de-separar-bem-as-aguas-eco\\\/\",\"name\":\"Ana Lu\u00edsa Guimar\u00e3es analyses the sectors closed to private initiative in the field of water. | ECO - Despacho de abogados G\u00f3mez-Acebo y Pombo\",\"isPartOf\":{\"@id\":\"https:\\\/\\\/ga-p.com\\\/en\\\/#website\"},\"datePublished\":\"2026-03-09T14:51:56+00:00\",\"dateModified\":\"2026-03-10T16:37:06+00:00\",\"description\":\"Ana Lu\u00edsa Guimar\u00e3es analisa os setores vedados \u00e0 iniciativa privada no dom\u00ednio da \u00e1gua\",\"breadcrumb\":{\"@id\":\"https:\\\/\\\/ga-p.com\\\/en\\\/news\\\/a-agua-e-os-setores-vedados-aos-privados-o-imperativo-de-separar-bem-as-aguas-eco\\\/#breadcrumb\"},\"inLanguage\":\"en-US\",\"potentialAction\":[{\"@type\":\"ReadAction\",\"target\":[\"https:\\\/\\\/ga-p.com\\\/en\\\/news\\\/a-agua-e-os-setores-vedados-aos-privados-o-imperativo-de-separar-bem-as-aguas-eco\\\/\"]}]},{\"@type\":\"BreadcrumbList\",\"@id\":\"https:\\\/\\\/ga-p.com\\\/en\\\/news\\\/a-agua-e-os-setores-vedados-aos-privados-o-imperativo-de-separar-bem-as-aguas-eco\\\/#breadcrumb\",\"itemListElement\":[{\"@type\":\"ListItem\",\"position\":1,\"name\":\"Portada\",\"item\":\"https:\\\/\\\/ga-p.com\\\/en\\\/\"},{\"@type\":\"ListItem\",\"position\":2,\"name\":\"Ana Lu\u00edsa Guimar\u00e3es analyses the sectors closed to private initiative in the field of water. | ECO\"}]},{\"@type\":\"WebSite\",\"@id\":\"https:\\\/\\\/ga-p.com\\\/en\\\/#website\",\"url\":\"https:\\\/\\\/ga-p.com\\\/en\\\/\",\"name\":\"Despacho de abogados G\u00f3mez-Acebo & Pombo\",\"description\":\"G\u00f3mez-Acebo y Pombo es una firma de abogados independiente, con experiencia internacional, especializada en todas las \u00e1reas del derecho de los negocio.\",\"publisher\":{\"@id\":\"https:\\\/\\\/ga-p.com\\\/en\\\/#organization\"},\"potentialAction\":[{\"@type\":\"SearchAction\",\"target\":{\"@type\":\"EntryPoint\",\"urlTemplate\":\"https:\\\/\\\/ga-p.com\\\/en\\\/?s={search_term_string}\"},\"query-input\":{\"@type\":\"PropertyValueSpecification\",\"valueRequired\":true,\"valueName\":\"search_term_string\"}}],\"inLanguage\":\"en-US\"},{\"@type\":\"Organization\",\"@id\":\"https:\\\/\\\/ga-p.com\\\/en\\\/#organization\",\"name\":\"Despacho de abogados G\u00f3mez-Acebo & Pombo\",\"url\":\"https:\\\/\\\/ga-p.com\\\/en\\\/\",\"logo\":{\"@type\":\"ImageObject\",\"inLanguage\":\"en-US\",\"@id\":\"https:\\\/\\\/ga-p.com\\\/en\\\/#\\\/schema\\\/logo\\\/image\\\/\",\"url\":\"https:\\\/\\\/ga-p.com\\\/wp-content\\\/uploads\\\/2024\\\/09\\\/Logo-1-1.svg\",\"contentUrl\":\"https:\\\/\\\/ga-p.com\\\/wp-content\\\/uploads\\\/2024\\\/09\\\/Logo-1-1.svg\",\"caption\":\"Despacho de abogados G\u00f3mez-Acebo & Pombo\"},\"image\":{\"@id\":\"https:\\\/\\\/ga-p.com\\\/en\\\/#\\\/schema\\\/logo\\\/image\\\/\"}}]}<\/script>\n<!-- \/ Yoast SEO plugin. -->","yoast_head_json":{"title":"Ana Lu\u00edsa Guimar\u00e3es analyses the sectors closed to private initiative in the field of water. | ECO - Despacho de abogados G\u00f3mez-Acebo y Pombo","description":"Ana Lu\u00edsa Guimar\u00e3es analisa os setores vedados \u00e0 iniciativa privada no dom\u00ednio da \u00e1gua","robots":{"index":"index","follow":"follow","max-snippet":"max-snippet:-1","max-image-preview":"max-image-preview:large","max-video-preview":"max-video-preview:-1"},"canonical":"https:\/\/ga-p.com\/en\/news\/a-agua-e-os-setores-vedados-aos-privados-o-imperativo-de-separar-bem-as-aguas-eco\/","og_locale":"en_US","og_type":"article","og_title":"Ana Lu\u00edsa Guimar\u00e3es analyses the sectors closed to private initiative in the field of water. | ECO - Despacho de abogados G\u00f3mez-Acebo y Pombo","og_description":"Ana Lu\u00edsa Guimar\u00e3es analisa os setores vedados \u00e0 iniciativa privada no dom\u00ednio da \u00e1gua","og_url":"https:\/\/ga-p.com\/en\/news\/a-agua-e-os-setores-vedados-aos-privados-o-imperativo-de-separar-bem-as-aguas-eco\/","og_site_name":"Despacho de abogados G\u00f3mez-Acebo y Pombo","article_modified_time":"2026-03-10T16:37:06+00:00","twitter_card":"summary_large_image","twitter_misc":{"Est. reading time":"1 minute"},"schema":{"@context":"https:\/\/schema.org","@graph":[{"@type":"WebPage","@id":"https:\/\/ga-p.com\/en\/news\/a-agua-e-os-setores-vedados-aos-privados-o-imperativo-de-separar-bem-as-aguas-eco\/","url":"https:\/\/ga-p.com\/en\/news\/a-agua-e-os-setores-vedados-aos-privados-o-imperativo-de-separar-bem-as-aguas-eco\/","name":"Ana Lu\u00edsa Guimar\u00e3es analyses the sectors closed to private initiative in the field of water. | ECO - Despacho de abogados G\u00f3mez-Acebo y Pombo","isPartOf":{"@id":"https:\/\/ga-p.com\/en\/#website"},"datePublished":"2026-03-09T14:51:56+00:00","dateModified":"2026-03-10T16:37:06+00:00","description":"Ana Lu\u00edsa Guimar\u00e3es analisa os setores vedados \u00e0 iniciativa privada no dom\u00ednio da \u00e1gua","breadcrumb":{"@id":"https:\/\/ga-p.com\/en\/news\/a-agua-e-os-setores-vedados-aos-privados-o-imperativo-de-separar-bem-as-aguas-eco\/#breadcrumb"},"inLanguage":"en-US","potentialAction":[{"@type":"ReadAction","target":["https:\/\/ga-p.com\/en\/news\/a-agua-e-os-setores-vedados-aos-privados-o-imperativo-de-separar-bem-as-aguas-eco\/"]}]},{"@type":"BreadcrumbList","@id":"https:\/\/ga-p.com\/en\/news\/a-agua-e-os-setores-vedados-aos-privados-o-imperativo-de-separar-bem-as-aguas-eco\/#breadcrumb","itemListElement":[{"@type":"ListItem","position":1,"name":"Portada","item":"https:\/\/ga-p.com\/en\/"},{"@type":"ListItem","position":2,"name":"Ana Lu\u00edsa Guimar\u00e3es analyses the sectors closed to private initiative in the field of water. | ECO"}]},{"@type":"WebSite","@id":"https:\/\/ga-p.com\/en\/#website","url":"https:\/\/ga-p.com\/en\/","name":"Despacho de abogados G\u00f3mez-Acebo & Pombo","description":"G\u00f3mez-Acebo y Pombo es una firma de abogados independiente, con experiencia internacional, especializada en todas las \u00e1reas del derecho de los negocio.","publisher":{"@id":"https:\/\/ga-p.com\/en\/#organization"},"potentialAction":[{"@type":"SearchAction","target":{"@type":"EntryPoint","urlTemplate":"https:\/\/ga-p.com\/en\/?s={search_term_string}"},"query-input":{"@type":"PropertyValueSpecification","valueRequired":true,"valueName":"search_term_string"}}],"inLanguage":"en-US"},{"@type":"Organization","@id":"https:\/\/ga-p.com\/en\/#organization","name":"Despacho de abogados G\u00f3mez-Acebo & Pombo","url":"https:\/\/ga-p.com\/en\/","logo":{"@type":"ImageObject","inLanguage":"en-US","@id":"https:\/\/ga-p.com\/en\/#\/schema\/logo\/image\/","url":"https:\/\/ga-p.com\/wp-content\/uploads\/2024\/09\/Logo-1-1.svg","contentUrl":"https:\/\/ga-p.com\/wp-content\/uploads\/2024\/09\/Logo-1-1.svg","caption":"Despacho de abogados G\u00f3mez-Acebo & Pombo"},"image":{"@id":"https:\/\/ga-p.com\/en\/#\/schema\/logo\/image\/"}}]}},"_links":{"self":[{"href":"https:\/\/ga-p.com\/en\/wp-json\/wp\/v2\/noticia\/390049","targetHints":{"allow":["GET"]}}],"collection":[{"href":"https:\/\/ga-p.com\/en\/wp-json\/wp\/v2\/noticia"}],"about":[{"href":"https:\/\/ga-p.com\/en\/wp-json\/wp\/v2\/types\/noticia"}],"wp:attachment":[{"href":"https:\/\/ga-p.com\/en\/wp-json\/wp\/v2\/media?parent=390049"}],"wp:term":[{"taxonomy":"categoria","embeddable":true,"href":"https:\/\/ga-p.com\/en\/wp-json\/wp\/v2\/categoria?post=390049"}],"curies":[{"name":"wp","href":"https:\/\/api.w.org\/{rel}","templated":true}]}}