{"id":268493,"date":"2024-01-26T10:27:57","date_gmt":"2024-01-26T09:27:57","guid":{"rendered":"https:\/\/ga-p.servidortemporal.net\/noticia\/perspectivas-de-recuperacao-para-um-inicio-incerto-em-2024-i-capital-corporate\/"},"modified":"2024-01-26T10:27:57","modified_gmt":"2024-01-26T09:27:57","slug":"perspectivas-de-recuperacao-para-um-inicio-incerto-em-2024-i-capital-corporate","status":"publish","type":"noticia","link":"https:\/\/ga-p.com\/pt-pt\/noticia\/perspectivas-de-recuperacao-para-um-inicio-incerto-em-2024-i-capital-corporate\/","title":{"rendered":"Perspectivas de recupera\u00e7\u00e3o para um in\u00edcio incerto em 2024 I Capital &#038; Corporate"},"content":{"rendered":"<div id=\"ColumnaMasSidebar-block_775f45298d19fd067907c3f0bbaf18eb\" class=\"ColumnaMasSidebar v1\">\n    <div class=\"container\">\n                <div class=\"hero-inner-blocks\">\n<div id=\"ColumnaIzquierda-block_dea3c344060fe955993842a3671779be\" class=\"blanco ColumnaIzquierda\">\n    <div class=\"acf-innerblocks-container\">\n\nNa \u00faltima edi\u00e7\u00e3o da revista Capital &amp; Corporate, M\u00f3nica Weimann analisa o final de 2023 e o futuro incerto das tend\u00eancias do mercado nos pr\u00f3ximos meses.<br \/>\r\n<br \/>\r\n&#8220;Apesar deste ambiente incerto e inconstante, pelo menos na nossa perspectiva, foi um ano positivo, especialmente nos sectores tradicionais de ref\u00fagio, como a energia, a sa\u00fade e as infra-estruturas&#8221;<br \/>\r\n<br \/>\r\n<a href=\"https:\/\/ga-p.com\/wp-content\/uploads\/2024\/01\/Entrevista-Monica-Weimainn.pdf\">Ler artigo completo<\/a>\n\n\n<p style=\"margin-top: 20px;\"><\/p>\n\n\n<\/div>\n<\/div>\n\n<div id=\"ColumnaSidebar-block_a9fd9a14dd3b3d6f82bd5c31d7aba545\" class=\"blanco ColumnaSidebar\">\n    <div class=\"acf-innerblocks-container\">\n\n\n<div id=\"NoticiaPublicacionInformacion-block_87c5115b8a74ad7e5b16661033c2bf80\" class=\"NoticiaPublicacionInformacion\">\n\n    <div class=\"personal_office\">\n        <div class=\"personal\">\n\n            \n                            <div class=\"abogados\">\n                    <div class=\"titleCategoria\">Advogado mencionado<\/div>\n                    <div class=\"out itemCont\">\n                                                                                    <p class=\"item\">\n                                    <span class=\"rectangleBlu\"> <\/span>\n                                                                        <a href=\"https:\/\/ga-p.com\/pt-pt\/pessoa\/monica-weimann\/\" class=\"nameAuthor\">M\u00f3nica Weimann<\/a>\n                                                                        <span class=\"charge\"> &#8211; S\u00f3cia<\/span>\n                                <\/p>\n                                                                        <\/div>\n                                    <\/div>\n            \n            \n                        <div class=\"areas_sectores\">\n                <div class=\"titleCategoria\">Areas e setores<\/div>\n                                                        <p class=\"item\">\n                        <span class=\"rectangleBlu\"> <\/span>\n                        <a href=\"https:\/\/ga-p.com\/pt-pt\/area\/direito-comercial-societario\/\" class=\"nameAuthor\">Comercial, Societ\u00e1rio e M&amp;A<\/a>\n                    <\/p>\n                                                                <\/div>\n                <\/div>\n<\/div>\n\n<\/div>\n<\/div>\n\n<\/div>\n\n    <\/div>\n\n<\/div>\n\n\n<div id=\"ColumnaMasSidebar-block_97839619d3cf766feb285ac7ae190741\" class=\"ColumnaMasSidebar v1\">\n    <div class=\"container\">\n                <div class=\"hero-inner-blocks\">\n<div id=\"ColumnaIzquierda-block_dea3c344060fe955993842a3671779be\" class=\"blanco ColumnaIzquierda\">\n    <div class=\"acf-innerblocks-container\">\n\n<div id=\"AnteriorSiguiente-block_41f62dc2e804b3140de6a0bf6ee9ea0e\" class=\"AnteriorSiguiente\">\n\n\n            <div class=\"containerButtons\">\n            <a class=\"primaryCta prev \" href=\"https:\/\/ga-p.com\/pt-pt\/noticia\/mobilidade-ativa-e-transportes-publicos-sustentaveis-no-pais-basco-diario-oficial-lei-11-2023-estrategia-empresarial\/\" target=\"_self\" title=\"prev post\">Ver acima                <img decoding=\"async\" alt=\"icon\" src=\"https:\/\/ga-p.com\/wp-content\/themes\/ga-p\/assets\/images\/arrow-left-primary.svg\" \/>\n            <\/a>\n            <a class=\"primaryCta next \" href=\"https:\/\/ga-p.com\/pt-pt\/noticia\/madalena-caldeira-sobre-a-norma-do-direito-a-desligar-publico\/\" target=\"_self\" title=\"next post\">Ver seguinte                <img decoding=\"async\" alt=\"icon\" src=\"https:\/\/ga-p.com\/wp-content\/themes\/ga-p\/assets\/images\/arrow-right-primary.svg\" \/>\n            <\/a>\n        <\/div>\n    <\/div>\n<\/div>\n<\/div>\n\n<div id=\"ColumnaSidebar-block_a9fd9a14dd3b3d6f82bd5c31d7aba545\" class=\"blanco ColumnaSidebar\">\n    <div class=\"acf-innerblocks-container\"><\/div>\n<\/div>\n\n<\/div>\n\n    <\/div>\n\n<\/div>\n","protected":false},"excerpt":{"rendered":"<p>Na \u00faltima edi\u00e7\u00e3o da revista Capital &amp; Corporate, M\u00f3nica Weimann analisa o final de 2023 e o futuro incerto das tend\u00eancias do mercado nos pr\u00f3ximos meses. &#8220;Apesar deste ambiente incerto e inconstante, pelo menos na nossa perspectiva, foi um ano positivo, especialmente nos sectores tradicionais de ref\u00fagio, como a energia, a sa\u00fade e as infra-estruturas&#8221;&#8230;<\/p>\n","protected":false},"featured_media":0,"template":"","categoria":[],"class_list":["post-268493","noticia","type-noticia","status-publish","hentry"],"acf":[],"yoast_head":"<!-- This site is optimized with the Yoast SEO plugin v27.3 - https:\/\/yoast.com\/product\/yoast-seo-wordpress\/ -->\n<title>Perspectivas de recupera\u00e7\u00e3o para um in\u00edcio incerto em 2024 I Capital &#038; Corporate - Despacho de abogados G\u00f3mez-Acebo &amp; Pombo<\/title>\n<meta name=\"robots\" content=\"index, follow, max-snippet:-1, max-image-preview:large, max-video-preview:-1\" \/>\n<link rel=\"canonical\" href=\"https:\/\/ga-p.com\/pt-pt\/noticia\/perspectivas-de-recuperacao-para-um-inicio-incerto-em-2024-i-capital-corporate\/\" \/>\n<meta property=\"og:locale\" content=\"pt_PT\" \/>\n<meta property=\"og:type\" content=\"article\" \/>\n<meta property=\"og:title\" content=\"Perspectivas de recupera\u00e7\u00e3o para um in\u00edcio incerto em 2024 I Capital &#038; Corporate - Despacho de abogados G\u00f3mez-Acebo &amp; Pombo\" \/>\n<meta property=\"og:description\" content=\"Na \u00faltima edi\u00e7\u00e3o da revista Capital &amp; Corporate, M\u00f3nica Weimann analisa o final de 2023 e o futuro incerto das tend\u00eancias do mercado nos pr\u00f3ximos meses. &quot;Apesar deste ambiente incerto e inconstante, pelo menos na nossa perspectiva, foi um ano positivo, especialmente nos sectores tradicionais de ref\u00fagio, como a energia, a sa\u00fade e as infra-estruturas&quot;...\" \/>\n<meta property=\"og:url\" content=\"https:\/\/ga-p.com\/pt-pt\/noticia\/perspectivas-de-recuperacao-para-um-inicio-incerto-em-2024-i-capital-corporate\/\" \/>\n<meta property=\"og:site_name\" content=\"Despacho de abogados G\u00f3mez-Acebo &amp; Pombo\" \/>\n<meta name=\"twitter:card\" content=\"summary_large_image\" \/>\n<script type=\"application\/ld+json\" class=\"yoast-schema-graph\">{\"@context\":\"https:\\\/\\\/schema.org\",\"@graph\":[{\"@type\":\"WebPage\",\"@id\":\"https:\\\/\\\/ga-p.com\\\/pt-pt\\\/noticia\\\/perspectivas-de-recuperacao-para-um-inicio-incerto-em-2024-i-capital-corporate\\\/\",\"url\":\"https:\\\/\\\/ga-p.com\\\/pt-pt\\\/noticia\\\/perspectivas-de-recuperacao-para-um-inicio-incerto-em-2024-i-capital-corporate\\\/\",\"name\":\"Perspectivas de recupera\u00e7\u00e3o para um in\u00edcio incerto em 2024 I Capital &#038; Corporate - Despacho de abogados G\u00f3mez-Acebo &amp; Pombo\",\"isPartOf\":{\"@id\":\"https:\\\/\\\/ga-p.com\\\/pt-pt\\\/#website\"},\"datePublished\":\"2024-01-26T09:27:57+00:00\",\"breadcrumb\":{\"@id\":\"https:\\\/\\\/ga-p.com\\\/pt-pt\\\/noticia\\\/perspectivas-de-recuperacao-para-um-inicio-incerto-em-2024-i-capital-corporate\\\/#breadcrumb\"},\"inLanguage\":\"pt-PT\",\"potentialAction\":[{\"@type\":\"ReadAction\",\"target\":[\"https:\\\/\\\/ga-p.com\\\/pt-pt\\\/noticia\\\/perspectivas-de-recuperacao-para-um-inicio-incerto-em-2024-i-capital-corporate\\\/\"]}]},{\"@type\":\"BreadcrumbList\",\"@id\":\"https:\\\/\\\/ga-p.com\\\/pt-pt\\\/noticia\\\/perspectivas-de-recuperacao-para-um-inicio-incerto-em-2024-i-capital-corporate\\\/#breadcrumb\",\"itemListElement\":[{\"@type\":\"ListItem\",\"position\":1,\"name\":\"Portada\",\"item\":\"https:\\\/\\\/ga-p.com\\\/pt-pt\\\/\"},{\"@type\":\"ListItem\",\"position\":2,\"name\":\"Perspectivas de recupera\u00e7\u00e3o para um in\u00edcio incerto em 2024 I Capital &#038; Corporate\"}]},{\"@type\":\"WebSite\",\"@id\":\"https:\\\/\\\/ga-p.com\\\/pt-pt\\\/#website\",\"url\":\"https:\\\/\\\/ga-p.com\\\/pt-pt\\\/\",\"name\":\"Despacho de abogados G\u00f3mez-Acebo & Pombo\",\"description\":\"G\u00f3mez-Acebo &amp; Pombo es una firma de abogados independiente, con experiencia internacional, especializada en todas las \u00e1reas del derecho de los negocio.\",\"publisher\":{\"@id\":\"https:\\\/\\\/ga-p.com\\\/pt-pt\\\/#organization\"},\"potentialAction\":[{\"@type\":\"SearchAction\",\"target\":{\"@type\":\"EntryPoint\",\"urlTemplate\":\"https:\\\/\\\/ga-p.com\\\/pt-pt\\\/?s={search_term_string}\"},\"query-input\":{\"@type\":\"PropertyValueSpecification\",\"valueRequired\":true,\"valueName\":\"search_term_string\"}}],\"inLanguage\":\"pt-PT\"},{\"@type\":\"Organization\",\"@id\":\"https:\\\/\\\/ga-p.com\\\/pt-pt\\\/#organization\",\"name\":\"Despacho de abogados G\u00f3mez-Acebo & Pombo\",\"url\":\"https:\\\/\\\/ga-p.com\\\/pt-pt\\\/\",\"logo\":{\"@type\":\"ImageObject\",\"inLanguage\":\"pt-PT\",\"@id\":\"https:\\\/\\\/ga-p.com\\\/pt-pt\\\/#\\\/schema\\\/logo\\\/image\\\/\",\"url\":\"https:\\\/\\\/ga-p.com\\\/wp-content\\\/uploads\\\/2024\\\/09\\\/Logo-1-1.svg\",\"contentUrl\":\"https:\\\/\\\/ga-p.com\\\/wp-content\\\/uploads\\\/2024\\\/09\\\/Logo-1-1.svg\",\"caption\":\"Despacho de abogados G\u00f3mez-Acebo & Pombo\"},\"image\":{\"@id\":\"https:\\\/\\\/ga-p.com\\\/pt-pt\\\/#\\\/schema\\\/logo\\\/image\\\/\"}}]}<\/script>\n<!-- \/ Yoast SEO plugin. -->","yoast_head_json":{"title":"Perspectivas de recupera\u00e7\u00e3o para um in\u00edcio incerto em 2024 I Capital &#038; Corporate - Despacho de abogados G\u00f3mez-Acebo &amp; Pombo","robots":{"index":"index","follow":"follow","max-snippet":"max-snippet:-1","max-image-preview":"max-image-preview:large","max-video-preview":"max-video-preview:-1"},"canonical":"https:\/\/ga-p.com\/pt-pt\/noticia\/perspectivas-de-recuperacao-para-um-inicio-incerto-em-2024-i-capital-corporate\/","og_locale":"pt_PT","og_type":"article","og_title":"Perspectivas de recupera\u00e7\u00e3o para um in\u00edcio incerto em 2024 I Capital &#038; Corporate - Despacho de abogados G\u00f3mez-Acebo &amp; Pombo","og_description":"Na \u00faltima edi\u00e7\u00e3o da revista Capital &amp; Corporate, M\u00f3nica Weimann analisa o final de 2023 e o futuro incerto das tend\u00eancias do mercado nos pr\u00f3ximos meses. \"Apesar deste ambiente incerto e inconstante, pelo menos na nossa perspectiva, foi um ano positivo, especialmente nos sectores tradicionais de ref\u00fagio, como a energia, a sa\u00fade e as infra-estruturas\"...","og_url":"https:\/\/ga-p.com\/pt-pt\/noticia\/perspectivas-de-recuperacao-para-um-inicio-incerto-em-2024-i-capital-corporate\/","og_site_name":"Despacho de abogados G\u00f3mez-Acebo &amp; Pombo","twitter_card":"summary_large_image","schema":{"@context":"https:\/\/schema.org","@graph":[{"@type":"WebPage","@id":"https:\/\/ga-p.com\/pt-pt\/noticia\/perspectivas-de-recuperacao-para-um-inicio-incerto-em-2024-i-capital-corporate\/","url":"https:\/\/ga-p.com\/pt-pt\/noticia\/perspectivas-de-recuperacao-para-um-inicio-incerto-em-2024-i-capital-corporate\/","name":"Perspectivas de recupera\u00e7\u00e3o para um in\u00edcio incerto em 2024 I Capital &#038; Corporate - Despacho de abogados G\u00f3mez-Acebo &amp; Pombo","isPartOf":{"@id":"https:\/\/ga-p.com\/pt-pt\/#website"},"datePublished":"2024-01-26T09:27:57+00:00","breadcrumb":{"@id":"https:\/\/ga-p.com\/pt-pt\/noticia\/perspectivas-de-recuperacao-para-um-inicio-incerto-em-2024-i-capital-corporate\/#breadcrumb"},"inLanguage":"pt-PT","potentialAction":[{"@type":"ReadAction","target":["https:\/\/ga-p.com\/pt-pt\/noticia\/perspectivas-de-recuperacao-para-um-inicio-incerto-em-2024-i-capital-corporate\/"]}]},{"@type":"BreadcrumbList","@id":"https:\/\/ga-p.com\/pt-pt\/noticia\/perspectivas-de-recuperacao-para-um-inicio-incerto-em-2024-i-capital-corporate\/#breadcrumb","itemListElement":[{"@type":"ListItem","position":1,"name":"Portada","item":"https:\/\/ga-p.com\/pt-pt\/"},{"@type":"ListItem","position":2,"name":"Perspectivas de recupera\u00e7\u00e3o para um in\u00edcio incerto em 2024 I Capital &#038; Corporate"}]},{"@type":"WebSite","@id":"https:\/\/ga-p.com\/pt-pt\/#website","url":"https:\/\/ga-p.com\/pt-pt\/","name":"Despacho de abogados G\u00f3mez-Acebo & Pombo","description":"G\u00f3mez-Acebo &amp; Pombo es una firma de abogados independiente, con experiencia internacional, especializada en todas las \u00e1reas del derecho de los negocio.","publisher":{"@id":"https:\/\/ga-p.com\/pt-pt\/#organization"},"potentialAction":[{"@type":"SearchAction","target":{"@type":"EntryPoint","urlTemplate":"https:\/\/ga-p.com\/pt-pt\/?s={search_term_string}"},"query-input":{"@type":"PropertyValueSpecification","valueRequired":true,"valueName":"search_term_string"}}],"inLanguage":"pt-PT"},{"@type":"Organization","@id":"https:\/\/ga-p.com\/pt-pt\/#organization","name":"Despacho de abogados G\u00f3mez-Acebo & Pombo","url":"https:\/\/ga-p.com\/pt-pt\/","logo":{"@type":"ImageObject","inLanguage":"pt-PT","@id":"https:\/\/ga-p.com\/pt-pt\/#\/schema\/logo\/image\/","url":"https:\/\/ga-p.com\/wp-content\/uploads\/2024\/09\/Logo-1-1.svg","contentUrl":"https:\/\/ga-p.com\/wp-content\/uploads\/2024\/09\/Logo-1-1.svg","caption":"Despacho de abogados G\u00f3mez-Acebo & Pombo"},"image":{"@id":"https:\/\/ga-p.com\/pt-pt\/#\/schema\/logo\/image\/"}}]}},"_links":{"self":[{"href":"https:\/\/ga-p.com\/pt-pt\/wp-json\/wp\/v2\/noticia\/268493","targetHints":{"allow":["GET"]}}],"collection":[{"href":"https:\/\/ga-p.com\/pt-pt\/wp-json\/wp\/v2\/noticia"}],"about":[{"href":"https:\/\/ga-p.com\/pt-pt\/wp-json\/wp\/v2\/types\/noticia"}],"wp:attachment":[{"href":"https:\/\/ga-p.com\/pt-pt\/wp-json\/wp\/v2\/media?parent=268493"}],"wp:term":[{"taxonomy":"categoria","embeddable":true,"href":"https:\/\/ga-p.com\/pt-pt\/wp-json\/wp\/v2\/categoria?post=268493"}],"curies":[{"name":"wp","href":"https:\/\/api.w.org\/{rel}","templated":true}]}}