{"id":269772,"date":"2022-12-22T10:00:54","date_gmt":"2022-12-22T09:00:54","guid":{"rendered":"https:\/\/ga-p.servidortemporal.net\/noticia\/gomez-acebo-pombo-nombra-dos-nuevos-socios-y-cuatro-of-counsels-2\/"},"modified":"2022-12-22T10:00:54","modified_gmt":"2022-12-22T09:00:54","slug":"gomez-acebo-pombo-nombra-dos-nuevos-socios-y-cuatro-of-counsels-2","status":"publish","type":"noticia","link":"https:\/\/ga-p.com\/pt-pt\/noticia\/gomez-acebo-pombo-nombra-dos-nuevos-socios-y-cuatro-of-counsels-2\/","title":{"rendered":"G\u00f3mez-Acebo &#038; Pombo nombra dos nuevos socios y cuatro of counsels"},"content":{"rendered":"<div id=\"ColumnaMasSidebar-block_e2595ad3ad817e39344bfb741c0c5444\" class=\"ColumnaMasSidebar v1\">\n    <div class=\"container\">\n                <div class=\"hero-inner-blocks\">\n<div id=\"ColumnaIzquierda-block_c669e57c8035ce36c6c3eb66b37202f6\" class=\"blanco ColumnaIzquierda\">\n    <div class=\"acf-innerblocks-container\">\n\nOntem, dia 21 de Dezembro, a G\u00f3mez-Acebo &amp; Pombo realizou a sua Assembleia Geral Anual e nomeou dois novos s\u00f3cios e quatro Of Counsels. Como resultado, em 2023 a Firma ter\u00e1 54 s\u00f3cios.<br \/>\r\n<br \/>\r\nEstas novas nomea\u00e7\u00f5es s\u00e3o um reflexo do compromisso da Firma com o talento interno e carreiras ambiciosas e de alto perfil.<br \/>\r\n<br \/>\r\n<strong>Paula Zarzalejos<\/strong>, da equipa de Banc\u00e1rio, \u00e9 uma especialista em finan\u00e7as empresariais e refinanciamento de d\u00edvidas.<strong> Josep Ortiz<\/strong>, , da equipa de Direito P\u00fablico e Regulat\u00f3rio, desenvolveu a sua carreira entre os escrit\u00f3rios de Barcelona e Val\u00eancia, especializando-se em direito administrativo, contratos p\u00fablicos e planeamento urbano.<br \/>\r\n<br \/>\r\nAl\u00e9m disso, a Firma promoveu quatro Of Counsels, que tamb\u00e9m ir\u00e3o refor\u00e7ar as diferentes \u00e1reas de pr\u00e1tica: <strong>Lourdes Escassi<\/strong>, da equipa de Laboral, <strong>Eduardo Orteu<\/strong>, da equipa de P\u00fablico e Regulat\u00f3rio, ambos do escrit\u00f3rio de Madrid; e <strong>Luisa Carrilho da Gra\u00e7a<\/strong>, da equipa de Comercial e <strong>Pedro Vilarinho Pires<\/strong>, da equipa de Concorr\u00eancia do escrit\u00f3rio de Lisboa.<br \/>\r\n<br \/>\r\n&nbsp;<br \/>\r\n<br \/>\r\n<a href=\"https:\/\/www.elconfidencial.com\/juridico\/2022-12-22\/gomez-acebo-socio-paula-zarzalejos-josep-ortiz_3544373\/\">Ler not\u00edcia no El Confidencial.<\/a><br \/>\r\n<br \/>\r\n<a href=\"https:\/\/www.expansion.com\/juridico\/actualidad-tendencias\/2022\/12\/22\/63a40efde5fdea273a8b463e.html\">Ler not\u00edcia no Expansi\u00f3n.<\/a><br \/>\r\n<br \/>\r\n<a href=\"https:\/\/cincodias.elpais.com\/cincodias\/2022\/12\/22\/legal\/1671697628_256021.html\">Ler not\u00edcia no Cinco D\u00edas.<\/a>\n\n\n<p style=\"margin-top: 20px;\"><\/p>\n\n\n<\/div>\n<\/div>\n\n<div id=\"ColumnaSidebar-block_e4366673c29405995d248e1d0b17550a\" class=\"blanco ColumnaSidebar\">\n    <div class=\"acf-innerblocks-container\">\n\n\n<div id=\"NoticiaPublicacionInformacion-block_239a0a608d97941486044bb8bc4d99e1\" class=\"NoticiaPublicacionInformacion\">\n\n    <div class=\"personal_office\">\n        <div class=\"personal\">\n\n            \n                            <div class=\"abogados\">\n                    <div class=\"titleCategoria\">Advogado mencionado<\/div>\n                    <div class=\"out itemCont\">\n                                                                                    <p class=\"item\">\n                                    <span class=\"rectangleBlu\"> <\/span>\n                                                                        <a href=\"https:\/\/ga-p.com\/pt-pt\/pessoa\/paula-zarzalejos\/\" class=\"nameAuthor\">Paula Zarzalejos<\/a>\n                                                                        <span class=\"charge\"> &#8211; S\u00f3cia<\/span>\n                                <\/p>\n                                                                                                                <p class=\"item\">\n                                    <span class=\"rectangleBlu\"> <\/span>\n                                                                        <a href=\"https:\/\/ga-p.com\/en\/person\/josep-ortiz\/\" class=\"nameAuthor\">Josep Ortiz<\/a>\n                                                                        <span class=\"charge\"> &#8211; Partner<\/span>\n                                <\/p>\n                                                                        <\/div>\n                                            <div class=\"inner itemCont\" style=\"display: none;\">\n                                                                                                <p class=\"item\">\n                                        <span class=\"rectangleBlu\"> <\/span>\n                                                                                <a href=\"https:\/\/ga-p.com\/en\/person\/lourdes-escassi\/\" class=\"nameAuthor\">Lourdes Escassi<\/a>\n                                                                                <span class=\"charge\"> &#8211; Counsel<\/span>\n                                    <\/p>\n                                                                                                                                <p class=\"item\">\n                                        <span class=\"rectangleBlu\"> <\/span>\n                                                                                <a href=\"https:\/\/ga-p.com\/en\/person\/eduardo-orteu\/\" class=\"nameAuthor\">Eduardo Orteu<\/a>\n                                                                                <span class=\"charge\"> &#8211; Counsel<\/span>\n                                    <\/p>\n                                                                                                                                <p class=\"item\">\n                                        <span class=\"rectangleBlu\"> <\/span>\n                                                                                <span class=\"nameAuthor text-decoration-none\"><\/span>\n                                                                                <span class=\"charge\"><\/span>\n                                    <\/p>\n                                                                                                                                <p class=\"item\">\n                                        <span class=\"rectangleBlu\"> <\/span>\n                                                                                <span class=\"nameAuthor text-decoration-none\"><\/span>\n                                                                                <span class=\"charge\"><\/span>\n                                    <\/p>\n                                                                                    <\/div>\n                        <div class=\"primaryCta showMoreTrigger\">Ver todos os advogados<img decoding=\"async\" alt=\"icon\" src=\"https:\/\/ga-p.com\/wp-content\/themes\/ga-p\/assets\/images\/arrow-down-flu-color.svg\" \/><\/div>\n                        <div class=\"d-none primaryCta showLessTrigger\">Ver menos advogados<img decoding=\"async\" alt=\"icon\" src=\"https:\/\/ga-p.com\/wp-content\/themes\/ga-p\/assets\/images\/arrow-down-flu-color.svg\" \/><\/div>\n                                    <\/div>\n            \n            \n                        <div class=\"areas_sectores\">\n                <div class=\"titleCategoria\">Areas e setores<\/div>\n                                                        <p class=\"item\">\n                        <span class=\"rectangleBlu\"> <\/span>\n                        <a href=\"https:\/\/ga-p.com\/en\/area\/baking-and-finance\/\" class=\"nameAuthor\">Banking and Finance<\/a>\n                    <\/p>\n                                        <p class=\"item\">\n                        <span class=\"rectangleBlu\"> <\/span>\n                        <a href=\"https:\/\/ga-p.com\/en\/area\/public-law-and-regulated-sectors\/\" class=\"nameAuthor\">Public Law and Regulated Sectors<\/a>\n                    <\/p>\n                                        <p class=\"item\">\n                        <span class=\"rectangleBlu\"> <\/span>\n                        <a href=\"https:\/\/ga-p.com\/en\/area\/employment\/\" class=\"nameAuthor\">Employment<\/a>\n                    <\/p>\n                                        <p class=\"item\">\n                        <span class=\"rectangleBlu\"> <\/span>\n                        <a href=\"https:\/\/ga-p.com\/en\/area\/competition-and-european-union-law\/\" class=\"nameAuthor\">Competition and European Union law<\/a>\n                    <\/p>\n                                        <p class=\"item\">\n                        <span class=\"rectangleBlu\"> <\/span>\n                        <a href=\"https:\/\/ga-p.com\/en\/area\/corporate-and-m-a\/\" class=\"nameAuthor\">Corporate and M&amp;A<\/a>\n                    <\/p>\n                                                                <\/div>\n                <\/div>\n<\/div>\n\n<\/div>\n<\/div>\n\n<\/div>\n\n    <\/div>\n\n<\/div>\n\n\n<div id=\"ColumnaMasSidebar-block_dfc400154fb10d1b35965494715799b8\" class=\"ColumnaMasSidebar v1\">\n    <div class=\"container\">\n                <div class=\"hero-inner-blocks\">\n<div id=\"ColumnaIzquierda-block_c669e57c8035ce36c6c3eb66b37202f6\" class=\"blanco ColumnaIzquierda\">\n    <div class=\"acf-innerblocks-container\">\n\n<div id=\"AnteriorSiguiente-block_2c585a056ba08ab8dccd136de991c9cc\" class=\"AnteriorSiguiente\">\n\n\n            <div class=\"containerButtons\">\n            <a class=\"primaryCta prev \" href=\"https:\/\/ga-p.com\/pt-pt\/noticia\/a-gomez-acebo-pombo-assessorou-a-incus-capital-na-estruturacao-e-formacao-de-um-consorcio-com-a-reolum\/\" target=\"_self\" title=\"prev post\">Ver acima                <img decoding=\"async\" alt=\"icon\" src=\"https:\/\/ga-p.com\/wp-content\/themes\/ga-p\/assets\/images\/arrow-left-primary.svg\" \/>\n            <\/a>\n            <a class=\"primaryCta next \" href=\"https:\/\/ga-p.com\/pt-pt\/noticia\/guillermo-guerra-e-eduardo-orteu-participam-como-oradores-no-ii-forum-esg-organizado-pelo-el-economista\/\" target=\"_self\" title=\"next post\">Ver seguinte                <img decoding=\"async\" alt=\"icon\" src=\"https:\/\/ga-p.com\/wp-content\/themes\/ga-p\/assets\/images\/arrow-right-primary.svg\" \/>\n            <\/a>\n        <\/div>\n    <\/div>\n<\/div>\n<\/div>\n\n<div id=\"ColumnaSidebar-block_e4366673c29405995d248e1d0b17550a\" class=\"blanco ColumnaSidebar\">\n    <div class=\"acf-innerblocks-container\"><\/div>\n<\/div>\n\n<\/div>\n\n    <\/div>\n\n<\/div>\n","protected":false},"excerpt":{"rendered":"<p>Ontem, dia 21 de Dezembro, a G\u00f3mez-Acebo &amp; Pombo realizou a sua Assembleia Geral Anual e nomeou dois novos s\u00f3cios e quatro Of Counsels. Como resultado, em 2023 a Firma ter\u00e1 54 s\u00f3cios. Estas novas nomea\u00e7\u00f5es s\u00e3o um reflexo do compromisso da Firma com o talento interno e carreiras ambiciosas e de alto perfil. Paula&#8230;<\/p>\n","protected":false},"featured_media":0,"template":"","categoria":[],"class_list":["post-269772","noticia","type-noticia","status-publish","hentry"],"acf":[],"yoast_head":"<!-- This site is optimized with the Yoast SEO plugin v27.3 - https:\/\/yoast.com\/product\/yoast-seo-wordpress\/ -->\n<title>G\u00f3mez-Acebo &#038; Pombo nombra dos nuevos socios y cuatro of counsels - Despacho de abogados G\u00f3mez-Acebo &amp; Pombo<\/title>\n<meta name=\"robots\" content=\"index, follow, max-snippet:-1, max-image-preview:large, max-video-preview:-1\" \/>\n<link rel=\"canonical\" href=\"https:\/\/ga-p.com\/pt-pt\/noticia\/gomez-acebo-pombo-nombra-dos-nuevos-socios-y-cuatro-of-counsels-2\/\" \/>\n<meta property=\"og:locale\" content=\"pt_PT\" \/>\n<meta property=\"og:type\" content=\"article\" \/>\n<meta property=\"og:title\" content=\"G\u00f3mez-Acebo &#038; Pombo nombra dos nuevos socios y cuatro of counsels - Despacho de abogados G\u00f3mez-Acebo &amp; Pombo\" \/>\n<meta property=\"og:description\" content=\"Ontem, dia 21 de Dezembro, a G\u00f3mez-Acebo &amp; Pombo realizou a sua Assembleia Geral Anual e nomeou dois novos s\u00f3cios e quatro Of Counsels. Como resultado, em 2023 a Firma ter\u00e1 54 s\u00f3cios. Estas novas nomea\u00e7\u00f5es s\u00e3o um reflexo do compromisso da Firma com o talento interno e carreiras ambiciosas e de alto perfil. Paula...\" \/>\n<meta property=\"og:url\" content=\"https:\/\/ga-p.com\/pt-pt\/noticia\/gomez-acebo-pombo-nombra-dos-nuevos-socios-y-cuatro-of-counsels-2\/\" \/>\n<meta property=\"og:site_name\" content=\"Despacho de abogados G\u00f3mez-Acebo &amp; Pombo\" \/>\n<meta name=\"twitter:card\" content=\"summary_large_image\" \/>\n<meta name=\"twitter:label1\" content=\"Tempo estimado de leitura\" \/>\n\t<meta name=\"twitter:data1\" content=\"1 minuto\" \/>\n<script type=\"application\/ld+json\" class=\"yoast-schema-graph\">{\"@context\":\"https:\\\/\\\/schema.org\",\"@graph\":[{\"@type\":\"WebPage\",\"@id\":\"https:\\\/\\\/ga-p.com\\\/pt-pt\\\/noticia\\\/gomez-acebo-pombo-nombra-dos-nuevos-socios-y-cuatro-of-counsels-2\\\/\",\"url\":\"https:\\\/\\\/ga-p.com\\\/pt-pt\\\/noticia\\\/gomez-acebo-pombo-nombra-dos-nuevos-socios-y-cuatro-of-counsels-2\\\/\",\"name\":\"G\u00f3mez-Acebo &#038; Pombo nombra dos nuevos socios y cuatro of counsels - Despacho de abogados G\u00f3mez-Acebo &amp; Pombo\",\"isPartOf\":{\"@id\":\"https:\\\/\\\/ga-p.com\\\/pt-pt\\\/#website\"},\"datePublished\":\"2022-12-22T09:00:54+00:00\",\"breadcrumb\":{\"@id\":\"https:\\\/\\\/ga-p.com\\\/pt-pt\\\/noticia\\\/gomez-acebo-pombo-nombra-dos-nuevos-socios-y-cuatro-of-counsels-2\\\/#breadcrumb\"},\"inLanguage\":\"pt-PT\",\"potentialAction\":[{\"@type\":\"ReadAction\",\"target\":[\"https:\\\/\\\/ga-p.com\\\/pt-pt\\\/noticia\\\/gomez-acebo-pombo-nombra-dos-nuevos-socios-y-cuatro-of-counsels-2\\\/\"]}]},{\"@type\":\"BreadcrumbList\",\"@id\":\"https:\\\/\\\/ga-p.com\\\/pt-pt\\\/noticia\\\/gomez-acebo-pombo-nombra-dos-nuevos-socios-y-cuatro-of-counsels-2\\\/#breadcrumb\",\"itemListElement\":[{\"@type\":\"ListItem\",\"position\":1,\"name\":\"Portada\",\"item\":\"https:\\\/\\\/ga-p.com\\\/pt-pt\\\/\"},{\"@type\":\"ListItem\",\"position\":2,\"name\":\"G\u00f3mez-Acebo &#038; Pombo nombra dos nuevos socios y cuatro of counsels\"}]},{\"@type\":\"WebSite\",\"@id\":\"https:\\\/\\\/ga-p.com\\\/pt-pt\\\/#website\",\"url\":\"https:\\\/\\\/ga-p.com\\\/pt-pt\\\/\",\"name\":\"Despacho de abogados G\u00f3mez-Acebo & Pombo\",\"description\":\"G\u00f3mez-Acebo &amp; Pombo es una firma de abogados independiente, con experiencia internacional, especializada en todas las \u00e1reas del derecho de los negocio.\",\"publisher\":{\"@id\":\"https:\\\/\\\/ga-p.com\\\/pt-pt\\\/#organization\"},\"potentialAction\":[{\"@type\":\"SearchAction\",\"target\":{\"@type\":\"EntryPoint\",\"urlTemplate\":\"https:\\\/\\\/ga-p.com\\\/pt-pt\\\/?s={search_term_string}\"},\"query-input\":{\"@type\":\"PropertyValueSpecification\",\"valueRequired\":true,\"valueName\":\"search_term_string\"}}],\"inLanguage\":\"pt-PT\"},{\"@type\":\"Organization\",\"@id\":\"https:\\\/\\\/ga-p.com\\\/pt-pt\\\/#organization\",\"name\":\"Despacho de abogados G\u00f3mez-Acebo & Pombo\",\"url\":\"https:\\\/\\\/ga-p.com\\\/pt-pt\\\/\",\"logo\":{\"@type\":\"ImageObject\",\"inLanguage\":\"pt-PT\",\"@id\":\"https:\\\/\\\/ga-p.com\\\/pt-pt\\\/#\\\/schema\\\/logo\\\/image\\\/\",\"url\":\"https:\\\/\\\/ga-p.com\\\/wp-content\\\/uploads\\\/2024\\\/09\\\/Logo-1-1.svg\",\"contentUrl\":\"https:\\\/\\\/ga-p.com\\\/wp-content\\\/uploads\\\/2024\\\/09\\\/Logo-1-1.svg\",\"caption\":\"Despacho de abogados G\u00f3mez-Acebo & Pombo\"},\"image\":{\"@id\":\"https:\\\/\\\/ga-p.com\\\/pt-pt\\\/#\\\/schema\\\/logo\\\/image\\\/\"}}]}<\/script>\n<!-- \/ Yoast SEO plugin. -->","yoast_head_json":{"title":"G\u00f3mez-Acebo &#038; Pombo nombra dos nuevos socios y cuatro of counsels - Despacho de abogados G\u00f3mez-Acebo &amp; Pombo","robots":{"index":"index","follow":"follow","max-snippet":"max-snippet:-1","max-image-preview":"max-image-preview:large","max-video-preview":"max-video-preview:-1"},"canonical":"https:\/\/ga-p.com\/pt-pt\/noticia\/gomez-acebo-pombo-nombra-dos-nuevos-socios-y-cuatro-of-counsels-2\/","og_locale":"pt_PT","og_type":"article","og_title":"G\u00f3mez-Acebo &#038; Pombo nombra dos nuevos socios y cuatro of counsels - Despacho de abogados G\u00f3mez-Acebo &amp; Pombo","og_description":"Ontem, dia 21 de Dezembro, a G\u00f3mez-Acebo &amp; Pombo realizou a sua Assembleia Geral Anual e nomeou dois novos s\u00f3cios e quatro Of Counsels. Como resultado, em 2023 a Firma ter\u00e1 54 s\u00f3cios. Estas novas nomea\u00e7\u00f5es s\u00e3o um reflexo do compromisso da Firma com o talento interno e carreiras ambiciosas e de alto perfil. Paula...","og_url":"https:\/\/ga-p.com\/pt-pt\/noticia\/gomez-acebo-pombo-nombra-dos-nuevos-socios-y-cuatro-of-counsels-2\/","og_site_name":"Despacho de abogados G\u00f3mez-Acebo &amp; Pombo","twitter_card":"summary_large_image","twitter_misc":{"Tempo estimado de leitura":"1 minuto"},"schema":{"@context":"https:\/\/schema.org","@graph":[{"@type":"WebPage","@id":"https:\/\/ga-p.com\/pt-pt\/noticia\/gomez-acebo-pombo-nombra-dos-nuevos-socios-y-cuatro-of-counsels-2\/","url":"https:\/\/ga-p.com\/pt-pt\/noticia\/gomez-acebo-pombo-nombra-dos-nuevos-socios-y-cuatro-of-counsels-2\/","name":"G\u00f3mez-Acebo &#038; Pombo nombra dos nuevos socios y cuatro of counsels - Despacho de abogados G\u00f3mez-Acebo &amp; Pombo","isPartOf":{"@id":"https:\/\/ga-p.com\/pt-pt\/#website"},"datePublished":"2022-12-22T09:00:54+00:00","breadcrumb":{"@id":"https:\/\/ga-p.com\/pt-pt\/noticia\/gomez-acebo-pombo-nombra-dos-nuevos-socios-y-cuatro-of-counsels-2\/#breadcrumb"},"inLanguage":"pt-PT","potentialAction":[{"@type":"ReadAction","target":["https:\/\/ga-p.com\/pt-pt\/noticia\/gomez-acebo-pombo-nombra-dos-nuevos-socios-y-cuatro-of-counsels-2\/"]}]},{"@type":"BreadcrumbList","@id":"https:\/\/ga-p.com\/pt-pt\/noticia\/gomez-acebo-pombo-nombra-dos-nuevos-socios-y-cuatro-of-counsels-2\/#breadcrumb","itemListElement":[{"@type":"ListItem","position":1,"name":"Portada","item":"https:\/\/ga-p.com\/pt-pt\/"},{"@type":"ListItem","position":2,"name":"G\u00f3mez-Acebo &#038; Pombo nombra dos nuevos socios y cuatro of counsels"}]},{"@type":"WebSite","@id":"https:\/\/ga-p.com\/pt-pt\/#website","url":"https:\/\/ga-p.com\/pt-pt\/","name":"Despacho de abogados G\u00f3mez-Acebo & Pombo","description":"G\u00f3mez-Acebo &amp; Pombo es una firma de abogados independiente, con experiencia internacional, especializada en todas las \u00e1reas del derecho de los negocio.","publisher":{"@id":"https:\/\/ga-p.com\/pt-pt\/#organization"},"potentialAction":[{"@type":"SearchAction","target":{"@type":"EntryPoint","urlTemplate":"https:\/\/ga-p.com\/pt-pt\/?s={search_term_string}"},"query-input":{"@type":"PropertyValueSpecification","valueRequired":true,"valueName":"search_term_string"}}],"inLanguage":"pt-PT"},{"@type":"Organization","@id":"https:\/\/ga-p.com\/pt-pt\/#organization","name":"Despacho de abogados G\u00f3mez-Acebo & Pombo","url":"https:\/\/ga-p.com\/pt-pt\/","logo":{"@type":"ImageObject","inLanguage":"pt-PT","@id":"https:\/\/ga-p.com\/pt-pt\/#\/schema\/logo\/image\/","url":"https:\/\/ga-p.com\/wp-content\/uploads\/2024\/09\/Logo-1-1.svg","contentUrl":"https:\/\/ga-p.com\/wp-content\/uploads\/2024\/09\/Logo-1-1.svg","caption":"Despacho de abogados G\u00f3mez-Acebo & Pombo"},"image":{"@id":"https:\/\/ga-p.com\/pt-pt\/#\/schema\/logo\/image\/"}}]}},"_links":{"self":[{"href":"https:\/\/ga-p.com\/pt-pt\/wp-json\/wp\/v2\/noticia\/269772","targetHints":{"allow":["GET"]}}],"collection":[{"href":"https:\/\/ga-p.com\/pt-pt\/wp-json\/wp\/v2\/noticia"}],"about":[{"href":"https:\/\/ga-p.com\/pt-pt\/wp-json\/wp\/v2\/types\/noticia"}],"wp:attachment":[{"href":"https:\/\/ga-p.com\/pt-pt\/wp-json\/wp\/v2\/media?parent=269772"}],"wp:term":[{"taxonomy":"categoria","embeddable":true,"href":"https:\/\/ga-p.com\/pt-pt\/wp-json\/wp\/v2\/categoria?post=269772"}],"curies":[{"name":"wp","href":"https:\/\/api.w.org\/{rel}","templated":true}]}}