{"id":351960,"date":"2025-05-13T12:05:02","date_gmt":"2025-05-13T10:05:02","guid":{"rendered":"https:\/\/ga-p.com\/?post_type=noticia&#038;p=351960"},"modified":"2025-06-11T11:23:32","modified_gmt":"2025-06-11T09:23:32","slug":"rafael-aguilera-fala-sobre-a-atual-atividade-financeira-marcada-pela-incerteza-tarifaria-el-confidencial","status":"publish","type":"noticia","link":"https:\/\/ga-p.com\/pt-pt\/noticia\/rafael-aguilera-fala-sobre-a-atual-atividade-financeira-marcada-pela-incerteza-tarifaria-el-confidencial\/","title":{"rendered":"Rafael Aguilera fala sobre a atual atividade financeira marcada pela incerteza tarif\u00e1ria | El Confidencial"},"content":{"rendered":"<div id=\"ColumnaMasSidebar-block_978a5f9a162f8b3da164360a79401aa6\" class=\"ColumnaMasSidebar v1\">\n    <div class=\"container\">\n                <div class=\"hero-inner-blocks\">\n<div id=\"ColumnaIzquierda-block_3e5270d0f9305899d86de0753e86918d\" class=\"blanco ColumnaIzquierda\">\n    <div class=\"acf-innerblocks-container\">\n\n<h4 class=\"wp-block-heading\">A imposi\u00e7\u00e3o de direitos aduaneiros causa dificuldades aos consultores de fus\u00f5es e aquisi\u00e7\u00f5es, uma vez que o acesso ao financiamento pode ser perturbado pela incerteza do mercado.<\/h4>\n\n\n\n<p>Os departamentos financeiros dos escrit\u00f3rios de advogados prev\u00eaem um ano de atividade no sector quase id\u00eantico ao anterior. Cinquenta e sete por cento das sociedades de advogados consultadas afirmam-no, contra 23% que se mostram mais optimistas.<\/p>\n\n\n\n<p>Nesta linha, Rafael Aguilera, s\u00f3cio coordenador de Banc\u00e1rio e Financeiro, comenta que &#8220;o abrandamento e a incerteza podem gerar mais atividade nas reestrutura\u00e7\u00f5es de d\u00edvida (middle market). Os sectores de ref\u00fagio, como o financiamento imobili\u00e1rio, tamb\u00e9m podem registar uma maior atividade. Acrescenta ainda que &#8220;as taxas de juro est\u00e3o a descer e n\u00e3o h\u00e1 falta de liquidez no mercado. Penso que o fator limitativo das opera\u00e7\u00f5es de fus\u00f5es e aquisi\u00e7\u00f5es, pelo menos de momento, est\u00e1 mais ligado \u00e0 incerteza do que ao financiamento.<\/p>\n\n\n\n<div id=\"Boton-block_bc631e84e1df08de515f975588371340\" class=\"Boton\">\n\n            <a class=\"primaryCta scaleFromLeft rotateIcon\" href=\"https:\/\/www.elconfidencial.com\/juridico\/2025-05-13\/incertidumbre-financiero-liquidez-abundante_4127253\/\" target=\"_blank\"><span>Ver not\u00edcia<\/span>\n                        <div class=\"containerImg\"><img decoding=\"async\" alt=\"icon\" src=\"https:\/\/ga-p.com\/wp-content\/themes\/ga-p\/assets\/images\/external-icon.svg\" \/><\/div><\/a>\n            <\/div>\n\n<\/div>\n<\/div>\n\n\n<div id=\"ColumnaSidebar-block_330954c811ec97558d2079d97447fdd3\" class=\"blanco ColumnaSidebar\">\n    <div class=\"acf-innerblocks-container\">\n\n\n<div id=\"NoticiaPublicacionInformacion-block_cc693543791151f3ba39739da2ed0b27\" class=\"NoticiaPublicacionInformacion\">\n\n    <div class=\"personal_office\">\n        <div class=\"personal\">\n\n            \n                            <div class=\"abogados\">\n                    <div class=\"titleCategoria\">Advogado mencionado<\/div>\n                    <div class=\"out itemCont\">\n                                                                                    <p class=\"item\">\n                                    <span class=\"rectangleBlu\"> <\/span>\n                                                                        <a href=\"https:\/\/ga-p.com\/pt-pt\/pessoa\/rafael-aguilera\/\" class=\"nameAuthor\">Rafael Aguilera<\/a>\n                                                                        <span class=\"charge\"> &#8211; S\u00f3cio<\/span>\n                                <\/p>\n                                                                        <\/div>\n                                    <\/div>\n            \n                        <div class=\"categorias\">\n                <div class=\"titleCategoria\">Tipologia<\/div>\n                                    <p class=\"item\">\n                        <span class=\"rectangleBlu\"> <\/span>\n                        <span class=\"nameAuthor text-decoration-none\">Men\u00e7\u00e3o<\/span>\n                    <\/p>\n                            <\/div>\n            \n                        <div class=\"areas_sectores\">\n                <div class=\"titleCategoria\">Areas e setores<\/div>\n                                                        <p class=\"item\">\n                        <span class=\"rectangleBlu\"> <\/span>\n                        <a href=\"https:\/\/ga-p.com\/pt-pt\/area\/bancario-y-financeiro\/\" class=\"nameAuthor\">Banc\u00e1rio e Financeiro<\/a>\n                    <\/p>\n                                                                <\/div>\n                <\/div>\n<\/div>\n\n<\/div>\n<\/div>\n\n<\/div>\n\n    <\/div>\n\n<\/div>\n\n\n<div id=\"ColumnaMasSidebar-block_978a5f9a162f8b3da164360a79401aa6\" class=\"ColumnaMasSidebar v1\">\n    <div class=\"container\">\n                <div class=\"hero-inner-blocks\">\n<div id=\"ColumnaIzquierda-block_3e5270d0f9305899d86de0753e86918d\" class=\"blanco ColumnaIzquierda\">\n    <div class=\"acf-innerblocks-container\">\n\n<div id=\"AnteriorSiguiente-block_2c8d5383668f8decad0178bd14cd37dc\" class=\"AnteriorSiguiente\">\n\n\n            <div class=\"containerButtons\">\n            <a class=\"primaryCta prev \" href=\"https:\/\/ga-p.com\/pt-pt\/noticia\/madalena-caldeira-reflete-sobre-a-urgencia-de-clarificacao-do-art-338-o-a-do-codigo-do-trabalho-advocatus\/\" target=\"_self\" title=\"prev post\">Ver acima                <img decoding=\"async\" alt=\"icon\" src=\"https:\/\/ga-p.com\/wp-content\/themes\/ga-p\/assets\/images\/arrow-left-primary.svg\" \/>\n            <\/a>\n            <a class=\"primaryCta next \" href=\"https:\/\/ga-p.com\/pt-pt\/noticia\/ga_p-assessora-a-vgo-na-aquisicao-de-uma-participacao-na-homs-rentals\/\" target=\"_self\" title=\"next post\">Ver seguinte                <img decoding=\"async\" alt=\"icon\" src=\"https:\/\/ga-p.com\/wp-content\/themes\/ga-p\/assets\/images\/arrow-right-primary.svg\" \/>\n            <\/a>\n        <\/div>\n    <\/div>\n<\/div>\n<\/div>\n\n<\/div>\n\n    <\/div>\n\n<\/div>\n","protected":false},"excerpt":{"rendered":"<p>A imposi\u00e7\u00e3o de direitos aduaneiros causa dificuldades aos consultores de fus\u00f5es e aquisi\u00e7\u00f5es, uma vez que o acesso ao financiamento pode ser perturbado pela incerteza do mercado.<\/p>\n","protected":false},"featured_media":0,"template":"","categoria":[272],"class_list":["post-351960","noticia","type-noticia","status-publish","hentry","categoria-mencao"],"acf":[],"yoast_head":"<!-- This site is optimized with the Yoast SEO plugin v27.3 - https:\/\/yoast.com\/product\/yoast-seo-wordpress\/ -->\n<title>Rafael Aguilera fala sobre a atual atividade financeira marcada pela incerteza tarif\u00e1ria | El Confidencial - Despacho de abogados G\u00f3mez-Acebo &amp; Pombo<\/title>\n<meta name=\"robots\" content=\"index, follow, max-snippet:-1, max-image-preview:large, max-video-preview:-1\" \/>\n<link rel=\"canonical\" href=\"https:\/\/ga-p.com\/pt-pt\/noticia\/rafael-aguilera-fala-sobre-a-atual-atividade-financeira-marcada-pela-incerteza-tarifaria-el-confidencial\/\" \/>\n<meta property=\"og:locale\" content=\"pt_PT\" \/>\n<meta property=\"og:type\" content=\"article\" \/>\n<meta property=\"og:title\" content=\"Rafael Aguilera fala sobre a atual atividade financeira marcada pela incerteza tarif\u00e1ria | El Confidencial - Despacho de abogados G\u00f3mez-Acebo &amp; Pombo\" \/>\n<meta property=\"og:description\" content=\"A imposi\u00e7\u00e3o de direitos aduaneiros causa dificuldades aos consultores de fus\u00f5es e aquisi\u00e7\u00f5es, uma vez que o acesso ao financiamento pode ser perturbado pela incerteza do mercado.\" \/>\n<meta property=\"og:url\" content=\"https:\/\/ga-p.com\/pt-pt\/noticia\/rafael-aguilera-fala-sobre-a-atual-atividade-financeira-marcada-pela-incerteza-tarifaria-el-confidencial\/\" \/>\n<meta property=\"og:site_name\" content=\"Despacho de abogados G\u00f3mez-Acebo &amp; Pombo\" \/>\n<meta property=\"article:modified_time\" content=\"2025-06-11T09:23:32+00:00\" \/>\n<meta name=\"twitter:card\" content=\"summary_large_image\" \/>\n<meta name=\"twitter:label1\" content=\"Tempo estimado de leitura\" \/>\n\t<meta name=\"twitter:data1\" content=\"1 minuto\" \/>\n<script type=\"application\/ld+json\" class=\"yoast-schema-graph\">{\"@context\":\"https:\\\/\\\/schema.org\",\"@graph\":[{\"@type\":\"WebPage\",\"@id\":\"https:\\\/\\\/ga-p.com\\\/pt-pt\\\/noticia\\\/rafael-aguilera-fala-sobre-a-atual-atividade-financeira-marcada-pela-incerteza-tarifaria-el-confidencial\\\/\",\"url\":\"https:\\\/\\\/ga-p.com\\\/pt-pt\\\/noticia\\\/rafael-aguilera-fala-sobre-a-atual-atividade-financeira-marcada-pela-incerteza-tarifaria-el-confidencial\\\/\",\"name\":\"Rafael Aguilera fala sobre a atual atividade financeira marcada pela incerteza tarif\u00e1ria | El Confidencial - Despacho de abogados G\u00f3mez-Acebo &amp; Pombo\",\"isPartOf\":{\"@id\":\"https:\\\/\\\/ga-p.com\\\/pt-pt\\\/#website\"},\"datePublished\":\"2025-05-13T10:05:02+00:00\",\"dateModified\":\"2025-06-11T09:23:32+00:00\",\"breadcrumb\":{\"@id\":\"https:\\\/\\\/ga-p.com\\\/pt-pt\\\/noticia\\\/rafael-aguilera-fala-sobre-a-atual-atividade-financeira-marcada-pela-incerteza-tarifaria-el-confidencial\\\/#breadcrumb\"},\"inLanguage\":\"pt-PT\",\"potentialAction\":[{\"@type\":\"ReadAction\",\"target\":[\"https:\\\/\\\/ga-p.com\\\/pt-pt\\\/noticia\\\/rafael-aguilera-fala-sobre-a-atual-atividade-financeira-marcada-pela-incerteza-tarifaria-el-confidencial\\\/\"]}]},{\"@type\":\"BreadcrumbList\",\"@id\":\"https:\\\/\\\/ga-p.com\\\/pt-pt\\\/noticia\\\/rafael-aguilera-fala-sobre-a-atual-atividade-financeira-marcada-pela-incerteza-tarifaria-el-confidencial\\\/#breadcrumb\",\"itemListElement\":[{\"@type\":\"ListItem\",\"position\":1,\"name\":\"Portada\",\"item\":\"https:\\\/\\\/ga-p.com\\\/pt-pt\\\/\"},{\"@type\":\"ListItem\",\"position\":2,\"name\":\"Rafael Aguilera fala sobre a atual atividade financeira marcada pela incerteza tarif\u00e1ria | El Confidencial\"}]},{\"@type\":\"WebSite\",\"@id\":\"https:\\\/\\\/ga-p.com\\\/pt-pt\\\/#website\",\"url\":\"https:\\\/\\\/ga-p.com\\\/pt-pt\\\/\",\"name\":\"Despacho de abogados G\u00f3mez-Acebo & Pombo\",\"description\":\"G\u00f3mez-Acebo &amp; Pombo es una firma de abogados independiente, con experiencia internacional, especializada en todas las \u00e1reas del derecho de los negocio.\",\"publisher\":{\"@id\":\"https:\\\/\\\/ga-p.com\\\/pt-pt\\\/#organization\"},\"potentialAction\":[{\"@type\":\"SearchAction\",\"target\":{\"@type\":\"EntryPoint\",\"urlTemplate\":\"https:\\\/\\\/ga-p.com\\\/pt-pt\\\/?s={search_term_string}\"},\"query-input\":{\"@type\":\"PropertyValueSpecification\",\"valueRequired\":true,\"valueName\":\"search_term_string\"}}],\"inLanguage\":\"pt-PT\"},{\"@type\":\"Organization\",\"@id\":\"https:\\\/\\\/ga-p.com\\\/pt-pt\\\/#organization\",\"name\":\"Despacho de abogados G\u00f3mez-Acebo & Pombo\",\"url\":\"https:\\\/\\\/ga-p.com\\\/pt-pt\\\/\",\"logo\":{\"@type\":\"ImageObject\",\"inLanguage\":\"pt-PT\",\"@id\":\"https:\\\/\\\/ga-p.com\\\/pt-pt\\\/#\\\/schema\\\/logo\\\/image\\\/\",\"url\":\"https:\\\/\\\/ga-p.com\\\/wp-content\\\/uploads\\\/2024\\\/09\\\/Logo-1-1.svg\",\"contentUrl\":\"https:\\\/\\\/ga-p.com\\\/wp-content\\\/uploads\\\/2024\\\/09\\\/Logo-1-1.svg\",\"caption\":\"Despacho de abogados G\u00f3mez-Acebo & Pombo\"},\"image\":{\"@id\":\"https:\\\/\\\/ga-p.com\\\/pt-pt\\\/#\\\/schema\\\/logo\\\/image\\\/\"}}]}<\/script>\n<!-- \/ Yoast SEO plugin. -->","yoast_head_json":{"title":"Rafael Aguilera fala sobre a atual atividade financeira marcada pela incerteza tarif\u00e1ria | El Confidencial - Despacho de abogados G\u00f3mez-Acebo &amp; Pombo","robots":{"index":"index","follow":"follow","max-snippet":"max-snippet:-1","max-image-preview":"max-image-preview:large","max-video-preview":"max-video-preview:-1"},"canonical":"https:\/\/ga-p.com\/pt-pt\/noticia\/rafael-aguilera-fala-sobre-a-atual-atividade-financeira-marcada-pela-incerteza-tarifaria-el-confidencial\/","og_locale":"pt_PT","og_type":"article","og_title":"Rafael Aguilera fala sobre a atual atividade financeira marcada pela incerteza tarif\u00e1ria | El Confidencial - Despacho de abogados G\u00f3mez-Acebo &amp; Pombo","og_description":"A imposi\u00e7\u00e3o de direitos aduaneiros causa dificuldades aos consultores de fus\u00f5es e aquisi\u00e7\u00f5es, uma vez que o acesso ao financiamento pode ser perturbado pela incerteza do mercado.","og_url":"https:\/\/ga-p.com\/pt-pt\/noticia\/rafael-aguilera-fala-sobre-a-atual-atividade-financeira-marcada-pela-incerteza-tarifaria-el-confidencial\/","og_site_name":"Despacho de abogados G\u00f3mez-Acebo &amp; Pombo","article_modified_time":"2025-06-11T09:23:32+00:00","twitter_card":"summary_large_image","twitter_misc":{"Tempo estimado de leitura":"1 minuto"},"schema":{"@context":"https:\/\/schema.org","@graph":[{"@type":"WebPage","@id":"https:\/\/ga-p.com\/pt-pt\/noticia\/rafael-aguilera-fala-sobre-a-atual-atividade-financeira-marcada-pela-incerteza-tarifaria-el-confidencial\/","url":"https:\/\/ga-p.com\/pt-pt\/noticia\/rafael-aguilera-fala-sobre-a-atual-atividade-financeira-marcada-pela-incerteza-tarifaria-el-confidencial\/","name":"Rafael Aguilera fala sobre a atual atividade financeira marcada pela incerteza tarif\u00e1ria | El Confidencial - Despacho de abogados G\u00f3mez-Acebo &amp; Pombo","isPartOf":{"@id":"https:\/\/ga-p.com\/pt-pt\/#website"},"datePublished":"2025-05-13T10:05:02+00:00","dateModified":"2025-06-11T09:23:32+00:00","breadcrumb":{"@id":"https:\/\/ga-p.com\/pt-pt\/noticia\/rafael-aguilera-fala-sobre-a-atual-atividade-financeira-marcada-pela-incerteza-tarifaria-el-confidencial\/#breadcrumb"},"inLanguage":"pt-PT","potentialAction":[{"@type":"ReadAction","target":["https:\/\/ga-p.com\/pt-pt\/noticia\/rafael-aguilera-fala-sobre-a-atual-atividade-financeira-marcada-pela-incerteza-tarifaria-el-confidencial\/"]}]},{"@type":"BreadcrumbList","@id":"https:\/\/ga-p.com\/pt-pt\/noticia\/rafael-aguilera-fala-sobre-a-atual-atividade-financeira-marcada-pela-incerteza-tarifaria-el-confidencial\/#breadcrumb","itemListElement":[{"@type":"ListItem","position":1,"name":"Portada","item":"https:\/\/ga-p.com\/pt-pt\/"},{"@type":"ListItem","position":2,"name":"Rafael Aguilera fala sobre a atual atividade financeira marcada pela incerteza tarif\u00e1ria | El Confidencial"}]},{"@type":"WebSite","@id":"https:\/\/ga-p.com\/pt-pt\/#website","url":"https:\/\/ga-p.com\/pt-pt\/","name":"Despacho de abogados G\u00f3mez-Acebo & Pombo","description":"G\u00f3mez-Acebo &amp; Pombo es una firma de abogados independiente, con experiencia internacional, especializada en todas las \u00e1reas del derecho de los negocio.","publisher":{"@id":"https:\/\/ga-p.com\/pt-pt\/#organization"},"potentialAction":[{"@type":"SearchAction","target":{"@type":"EntryPoint","urlTemplate":"https:\/\/ga-p.com\/pt-pt\/?s={search_term_string}"},"query-input":{"@type":"PropertyValueSpecification","valueRequired":true,"valueName":"search_term_string"}}],"inLanguage":"pt-PT"},{"@type":"Organization","@id":"https:\/\/ga-p.com\/pt-pt\/#organization","name":"Despacho de abogados G\u00f3mez-Acebo & Pombo","url":"https:\/\/ga-p.com\/pt-pt\/","logo":{"@type":"ImageObject","inLanguage":"pt-PT","@id":"https:\/\/ga-p.com\/pt-pt\/#\/schema\/logo\/image\/","url":"https:\/\/ga-p.com\/wp-content\/uploads\/2024\/09\/Logo-1-1.svg","contentUrl":"https:\/\/ga-p.com\/wp-content\/uploads\/2024\/09\/Logo-1-1.svg","caption":"Despacho de abogados G\u00f3mez-Acebo & Pombo"},"image":{"@id":"https:\/\/ga-p.com\/pt-pt\/#\/schema\/logo\/image\/"}}]}},"_links":{"self":[{"href":"https:\/\/ga-p.com\/pt-pt\/wp-json\/wp\/v2\/noticia\/351960","targetHints":{"allow":["GET"]}}],"collection":[{"href":"https:\/\/ga-p.com\/pt-pt\/wp-json\/wp\/v2\/noticia"}],"about":[{"href":"https:\/\/ga-p.com\/pt-pt\/wp-json\/wp\/v2\/types\/noticia"}],"wp:attachment":[{"href":"https:\/\/ga-p.com\/pt-pt\/wp-json\/wp\/v2\/media?parent=351960"}],"wp:term":[{"taxonomy":"categoria","embeddable":true,"href":"https:\/\/ga-p.com\/pt-pt\/wp-json\/wp\/v2\/categoria?post=351960"}],"curies":[{"name":"wp","href":"https:\/\/api.w.org\/{rel}","templated":true}]}}