{"id":375669,"date":"2025-10-23T10:00:28","date_gmt":"2025-10-23T08:00:28","guid":{"rendered":"https:\/\/ga-p.com\/?post_type=noticia&#038;p=375669"},"modified":"2025-10-23T10:55:13","modified_gmt":"2025-10-23T08:55:13","slug":"iv-forum-de-reestruturacoes-el-economista","status":"publish","type":"noticia","link":"https:\/\/ga-p.com\/pt-pt\/noticia\/iv-forum-de-reestruturacoes-el-economista\/","title":{"rendered":"IV F\u00f3rum de Reestrutura\u00e7\u00f5es | El Economista"},"content":{"rendered":"<div id=\"ColumnaMasSidebar-block_77bda7c6d32e599d4fa0895050446ce9\" class=\"ColumnaMasSidebar v1\">\n    <div class=\"container\">\n                <div class=\"hero-inner-blocks\">\n<div id=\"ColumnaIzquierda-block_bfc297911113fdfe8cb2763f7f00d34f\" class=\"blanco ColumnaIzquierda\">\n    <div class=\"acf-innerblocks-container\">\n\n<h4 class=\"wp-block-heading\">No IV F\u00f3rum de Reestrutura\u00e7\u00f5es do El Economista, a nossa s\u00f3cia Paula Zarzalejos destacou a dificuldade de integrar o cr\u00e9dito p\u00fablico nos planos de reestrutura\u00e7\u00e3o \u2014 uma limita\u00e7\u00e3o que, segundo os oradores, continua a travar a efic\u00e1cia do novo enquadramento concursal.<\/h4>\n\n\n\n<p>Durante o encontro, realizado em Madrid, v\u00e1rios especialistas das \u00e1reas financeira e jur\u00eddica concordaram que a lei da insolv\u00eancia representou um avan\u00e7o significativo em mat\u00e9ria de flexibilidade e de antecipa\u00e7\u00e3o das crises empresariais. No entanto, alertaram que a falta de adapta\u00e7\u00e3o do cr\u00e9dito p\u00fablico \u2014 nomeadamente do ICO, SEPI e Cofides \u2014 continua a gerar bloqueios e incerteza.<\/p>\n\n\n\n<p>Paula Zarzalejos, s\u00f3cia da \u00e1rea Banc\u00e1ria e Financeira da G\u00f3mez-Acebo &amp; Pombo, referiu que a legisla\u00e7\u00e3o permite definir de forma ampla o per\u00edmetro das reestrutura\u00e7\u00f5es, mas a sua aplica\u00e7\u00e3o pr\u00e1tica \u00e9 condicionada pelas limita\u00e7\u00f5es do cr\u00e9dito p\u00fablico. No caso do ICO, explicou que a impossibilidade de prolongar prazos para al\u00e9m de 2028 sem autoriza\u00e7\u00e3o da AEAT est\u00e1 a travar a aprova\u00e7\u00e3o de planos que contam com apoio financeiro suficiente.<\/p>\n\n\n\n<p>Por sua vez, Josu Echeverr\u00eda (Argoss Partners) e Miguel Cebri\u00e1n (Blantyre Capital) concordaram que a falta de crit\u00e9rios uniformes e a rigidez administrativa encarecem os processos. Ainda assim, destacaram que o novo enquadramento despertou o interesse de investidores internacionais e est\u00e1 a contribuir para consolidar uma cultura de reestrutura\u00e7\u00e3o mais eficiente e transparente em Espanha.<\/p>\n\n\n\n<div id=\"Boton-block_3c4c6b2aa79bd6bf3e3493d633c965bb\" class=\"Boton\">\n\n            <a class=\"primaryCta scaleFromLeft rotateIcon\" href=\"https:\/\/www.eleconomista.es\/capital-riesgo\/noticias\/13605591\/10\/25\/la-flexibilidad-legal-tropieza-con-el-muro-del-credito-publico-en-los-planes-de-reestructuracion.html\" target=\"_blank\"><span>Ver noticia<\/span>\n                        <div class=\"containerImg\"><img decoding=\"async\" alt=\"icon\" src=\"https:\/\/ga-p.com\/wp-content\/themes\/ga-p\/assets\/images\/external-icon.svg\" \/><\/div><\/a>\n            <\/div>\n\n<\/div>\n<\/div>\n\n\n<div id=\"ColumnaSidebar-block_8a5312706bb99c3bbe4cc28b818bc307\" class=\"blanco ColumnaSidebar\">\n    <div class=\"acf-innerblocks-container\">\n\n\n<div id=\"NoticiaPublicacionInformacion-block_a1e970675a004ec37fd7aff131664f1e\" class=\"NoticiaPublicacionInformacion\">\n\n    <div class=\"personal_office\">\n        <div class=\"personal\">\n\n            \n                            <div class=\"abogados\">\n                    <div class=\"titleCategoria\">Advogado mencionado<\/div>\n                    <div class=\"out itemCont\">\n                                                                                    <p class=\"item\">\n                                    <span class=\"rectangleBlu\"> <\/span>\n                                                                        <a href=\"https:\/\/ga-p.com\/pt-pt\/pessoa\/paula-zarzalejos\/\" class=\"nameAuthor\">Paula Zarzalejos<\/a>\n                                                                        <span class=\"charge\"> &#8211; S\u00f3cia<\/span>\n                                <\/p>\n                                                                        <\/div>\n                                    <\/div>\n            \n                        <div class=\"categorias\">\n                <div class=\"titleCategoria\">Tipologia<\/div>\n                                    <p class=\"item\">\n                        <span class=\"rectangleBlu\"> <\/span>\n                        <span class=\"nameAuthor text-decoration-none\">Men\u00e7\u00e3o<\/span>\n                    <\/p>\n                            <\/div>\n            \n                        <div class=\"areas_sectores\">\n                <div class=\"titleCategoria\">Areas e setores<\/div>\n                                                        <p class=\"item\">\n                        <span class=\"rectangleBlu\"> <\/span>\n                        <a href=\"https:\/\/ga-p.com\/pt-pt\/area\/reestruturacoes-e-situacoes-especiais\/\" class=\"nameAuthor\">Reestrutura\u00e7\u00f5es e Situa\u00e7\u00f5es Especiais<\/a>\n                    <\/p>\n                                        <p class=\"item\">\n                        <span class=\"rectangleBlu\"> <\/span>\n                        <a href=\"https:\/\/ga-p.com\/pt-pt\/area\/bancario-y-financeiro\/\" class=\"nameAuthor\">Banc\u00e1rio e Financeiro<\/a>\n                    <\/p>\n                                                                <\/div>\n                <\/div>\n<\/div>\n\n<\/div>\n<\/div>\n\n<\/div>\n\n    <\/div>\n\n<\/div>\n\n\n<div id=\"ColumnaMasSidebar-block_77bda7c6d32e599d4fa0895050446ce9\" class=\"ColumnaMasSidebar v1\">\n    <div class=\"container\">\n                <div class=\"hero-inner-blocks\">\n<div id=\"ColumnaIzquierda-block_bfc297911113fdfe8cb2763f7f00d34f\" class=\"blanco ColumnaIzquierda\">\n    <div class=\"acf-innerblocks-container\">\n\n<div id=\"AnteriorSiguiente-block_5f7e210515a98159ce9fb8f125fe0440\" class=\"AnteriorSiguiente\">\n\n\n            <div class=\"containerButtons\">\n            <a class=\"primaryCta prev \" href=\"https:\/\/ga-p.com\/pt-pt\/noticia\/ranking-project-finance-2025\/\" target=\"_self\" title=\"prev post\">Ver acima                <img decoding=\"async\" alt=\"icon\" src=\"https:\/\/ga-p.com\/wp-content\/themes\/ga-p\/assets\/images\/arrow-left-primary.svg\" \/>\n            <\/a>\n            <a class=\"primaryCta next \" href=\"https:\/\/ga-p.com\/pt-pt\/noticia\/o-mid-market-lidera-a-recuperacao-do-ma-num-ambiente-mais-seletivo-capital-corporate\/\" target=\"_self\" title=\"next post\">Ver seguinte                <img decoding=\"async\" alt=\"icon\" src=\"https:\/\/ga-p.com\/wp-content\/themes\/ga-p\/assets\/images\/arrow-right-primary.svg\" \/>\n            <\/a>\n        <\/div>\n    <\/div>\n<\/div>\n<\/div>\n\n<\/div>\n\n    <\/div>\n\n<\/div>\n\n\n\n<p><\/p>\n","protected":false},"excerpt":{"rendered":"<p>No IV F\u00f3rum de Reestrutura\u00e7\u00f5es do El Economista, a nossa s\u00f3cia Paula Zarzalejos destacou a dificuldade de integrar o cr\u00e9dito p\u00fablico nos planos de reestrutura\u00e7\u00e3o \u2014 uma limita\u00e7\u00e3o que, segundo os oradores, continua a travar a efic\u00e1cia do novo enquadramento concursal.<\/p>\n","protected":false},"featured_media":0,"template":"","categoria":[272],"class_list":["post-375669","noticia","type-noticia","status-publish","hentry","categoria-mencao"],"acf":[],"yoast_head":"<!-- This site is optimized with the Yoast SEO plugin v27.3 - https:\/\/yoast.com\/product\/yoast-seo-wordpress\/ -->\n<title>IV F\u00f3rum de Reestrutura\u00e7\u00f5es | El Economista - Despacho de abogados G\u00f3mez-Acebo &amp; Pombo<\/title>\n<meta name=\"description\" content=\"No IV F\u00f3rum de Reestrutura\u00e7\u00f5es do El Economista, a nossa s\u00f3cia Paula Zarzalejos destacou a dificuldade de integrar o cr\u00e9dito p\u00fablico nos planos de reestrutura\u00e7\u00e3o\" \/>\n<meta name=\"robots\" content=\"index, follow, max-snippet:-1, max-image-preview:large, max-video-preview:-1\" \/>\n<link rel=\"canonical\" href=\"https:\/\/ga-p.com\/pt-pt\/noticia\/iv-forum-de-reestruturacoes-el-economista\/\" \/>\n<meta property=\"og:locale\" content=\"pt_PT\" \/>\n<meta property=\"og:type\" content=\"article\" \/>\n<meta property=\"og:title\" content=\"IV F\u00f3rum de Reestrutura\u00e7\u00f5es | El Economista - Despacho de abogados G\u00f3mez-Acebo &amp; Pombo\" \/>\n<meta property=\"og:description\" content=\"No IV F\u00f3rum de Reestrutura\u00e7\u00f5es do El Economista, a nossa s\u00f3cia Paula Zarzalejos destacou a dificuldade de integrar o cr\u00e9dito p\u00fablico nos planos de reestrutura\u00e7\u00e3o\" \/>\n<meta property=\"og:url\" content=\"https:\/\/ga-p.com\/pt-pt\/noticia\/iv-forum-de-reestruturacoes-el-economista\/\" \/>\n<meta property=\"og:site_name\" content=\"Despacho de abogados G\u00f3mez-Acebo &amp; Pombo\" \/>\n<meta property=\"article:modified_time\" content=\"2025-10-23T08:55:13+00:00\" \/>\n<meta name=\"twitter:card\" content=\"summary_large_image\" \/>\n<meta name=\"twitter:label1\" content=\"Tempo estimado de leitura\" \/>\n\t<meta name=\"twitter:data1\" content=\"2 minutos\" \/>\n<script type=\"application\/ld+json\" class=\"yoast-schema-graph\">{\"@context\":\"https:\\\/\\\/schema.org\",\"@graph\":[{\"@type\":\"WebPage\",\"@id\":\"https:\\\/\\\/ga-p.com\\\/pt-pt\\\/noticia\\\/iv-forum-de-reestruturacoes-el-economista\\\/\",\"url\":\"https:\\\/\\\/ga-p.com\\\/pt-pt\\\/noticia\\\/iv-forum-de-reestruturacoes-el-economista\\\/\",\"name\":\"IV F\u00f3rum de Reestrutura\u00e7\u00f5es | El Economista - Despacho de abogados G\u00f3mez-Acebo &amp; Pombo\",\"isPartOf\":{\"@id\":\"https:\\\/\\\/ga-p.com\\\/pt-pt\\\/#website\"},\"datePublished\":\"2025-10-23T08:00:28+00:00\",\"dateModified\":\"2025-10-23T08:55:13+00:00\",\"description\":\"No IV F\u00f3rum de Reestrutura\u00e7\u00f5es do El Economista, a nossa s\u00f3cia Paula Zarzalejos destacou a dificuldade de integrar o cr\u00e9dito p\u00fablico nos planos de reestrutura\u00e7\u00e3o\",\"breadcrumb\":{\"@id\":\"https:\\\/\\\/ga-p.com\\\/pt-pt\\\/noticia\\\/iv-forum-de-reestruturacoes-el-economista\\\/#breadcrumb\"},\"inLanguage\":\"pt-PT\",\"potentialAction\":[{\"@type\":\"ReadAction\",\"target\":[\"https:\\\/\\\/ga-p.com\\\/pt-pt\\\/noticia\\\/iv-forum-de-reestruturacoes-el-economista\\\/\"]}]},{\"@type\":\"BreadcrumbList\",\"@id\":\"https:\\\/\\\/ga-p.com\\\/pt-pt\\\/noticia\\\/iv-forum-de-reestruturacoes-el-economista\\\/#breadcrumb\",\"itemListElement\":[{\"@type\":\"ListItem\",\"position\":1,\"name\":\"Portada\",\"item\":\"https:\\\/\\\/ga-p.com\\\/pt-pt\\\/\"},{\"@type\":\"ListItem\",\"position\":2,\"name\":\"IV F\u00f3rum de Reestrutura\u00e7\u00f5es | El Economista\"}]},{\"@type\":\"WebSite\",\"@id\":\"https:\\\/\\\/ga-p.com\\\/pt-pt\\\/#website\",\"url\":\"https:\\\/\\\/ga-p.com\\\/pt-pt\\\/\",\"name\":\"Despacho de abogados G\u00f3mez-Acebo & Pombo\",\"description\":\"G\u00f3mez-Acebo &amp; Pombo es una firma de abogados independiente, con experiencia internacional, especializada en todas las \u00e1reas del derecho de los negocio.\",\"publisher\":{\"@id\":\"https:\\\/\\\/ga-p.com\\\/pt-pt\\\/#organization\"},\"potentialAction\":[{\"@type\":\"SearchAction\",\"target\":{\"@type\":\"EntryPoint\",\"urlTemplate\":\"https:\\\/\\\/ga-p.com\\\/pt-pt\\\/?s={search_term_string}\"},\"query-input\":{\"@type\":\"PropertyValueSpecification\",\"valueRequired\":true,\"valueName\":\"search_term_string\"}}],\"inLanguage\":\"pt-PT\"},{\"@type\":\"Organization\",\"@id\":\"https:\\\/\\\/ga-p.com\\\/pt-pt\\\/#organization\",\"name\":\"Despacho de abogados G\u00f3mez-Acebo & Pombo\",\"url\":\"https:\\\/\\\/ga-p.com\\\/pt-pt\\\/\",\"logo\":{\"@type\":\"ImageObject\",\"inLanguage\":\"pt-PT\",\"@id\":\"https:\\\/\\\/ga-p.com\\\/pt-pt\\\/#\\\/schema\\\/logo\\\/image\\\/\",\"url\":\"https:\\\/\\\/ga-p.com\\\/wp-content\\\/uploads\\\/2024\\\/09\\\/Logo-1-1.svg\",\"contentUrl\":\"https:\\\/\\\/ga-p.com\\\/wp-content\\\/uploads\\\/2024\\\/09\\\/Logo-1-1.svg\",\"caption\":\"Despacho de abogados G\u00f3mez-Acebo & Pombo\"},\"image\":{\"@id\":\"https:\\\/\\\/ga-p.com\\\/pt-pt\\\/#\\\/schema\\\/logo\\\/image\\\/\"}}]}<\/script>\n<!-- \/ Yoast SEO plugin. -->","yoast_head_json":{"title":"IV F\u00f3rum de Reestrutura\u00e7\u00f5es | El Economista - Despacho de abogados G\u00f3mez-Acebo &amp; Pombo","description":"No IV F\u00f3rum de Reestrutura\u00e7\u00f5es do El Economista, a nossa s\u00f3cia Paula Zarzalejos destacou a dificuldade de integrar o cr\u00e9dito p\u00fablico nos planos de reestrutura\u00e7\u00e3o","robots":{"index":"index","follow":"follow","max-snippet":"max-snippet:-1","max-image-preview":"max-image-preview:large","max-video-preview":"max-video-preview:-1"},"canonical":"https:\/\/ga-p.com\/pt-pt\/noticia\/iv-forum-de-reestruturacoes-el-economista\/","og_locale":"pt_PT","og_type":"article","og_title":"IV F\u00f3rum de Reestrutura\u00e7\u00f5es | El Economista - Despacho de abogados G\u00f3mez-Acebo &amp; Pombo","og_description":"No IV F\u00f3rum de Reestrutura\u00e7\u00f5es do El Economista, a nossa s\u00f3cia Paula Zarzalejos destacou a dificuldade de integrar o cr\u00e9dito p\u00fablico nos planos de reestrutura\u00e7\u00e3o","og_url":"https:\/\/ga-p.com\/pt-pt\/noticia\/iv-forum-de-reestruturacoes-el-economista\/","og_site_name":"Despacho de abogados G\u00f3mez-Acebo &amp; Pombo","article_modified_time":"2025-10-23T08:55:13+00:00","twitter_card":"summary_large_image","twitter_misc":{"Tempo estimado de leitura":"2 minutos"},"schema":{"@context":"https:\/\/schema.org","@graph":[{"@type":"WebPage","@id":"https:\/\/ga-p.com\/pt-pt\/noticia\/iv-forum-de-reestruturacoes-el-economista\/","url":"https:\/\/ga-p.com\/pt-pt\/noticia\/iv-forum-de-reestruturacoes-el-economista\/","name":"IV F\u00f3rum de Reestrutura\u00e7\u00f5es | El Economista - Despacho de abogados G\u00f3mez-Acebo &amp; Pombo","isPartOf":{"@id":"https:\/\/ga-p.com\/pt-pt\/#website"},"datePublished":"2025-10-23T08:00:28+00:00","dateModified":"2025-10-23T08:55:13+00:00","description":"No IV F\u00f3rum de Reestrutura\u00e7\u00f5es do El Economista, a nossa s\u00f3cia Paula Zarzalejos destacou a dificuldade de integrar o cr\u00e9dito p\u00fablico nos planos de reestrutura\u00e7\u00e3o","breadcrumb":{"@id":"https:\/\/ga-p.com\/pt-pt\/noticia\/iv-forum-de-reestruturacoes-el-economista\/#breadcrumb"},"inLanguage":"pt-PT","potentialAction":[{"@type":"ReadAction","target":["https:\/\/ga-p.com\/pt-pt\/noticia\/iv-forum-de-reestruturacoes-el-economista\/"]}]},{"@type":"BreadcrumbList","@id":"https:\/\/ga-p.com\/pt-pt\/noticia\/iv-forum-de-reestruturacoes-el-economista\/#breadcrumb","itemListElement":[{"@type":"ListItem","position":1,"name":"Portada","item":"https:\/\/ga-p.com\/pt-pt\/"},{"@type":"ListItem","position":2,"name":"IV F\u00f3rum de Reestrutura\u00e7\u00f5es | El Economista"}]},{"@type":"WebSite","@id":"https:\/\/ga-p.com\/pt-pt\/#website","url":"https:\/\/ga-p.com\/pt-pt\/","name":"Despacho de abogados G\u00f3mez-Acebo & Pombo","description":"G\u00f3mez-Acebo &amp; Pombo es una firma de abogados independiente, con experiencia internacional, especializada en todas las \u00e1reas del derecho de los negocio.","publisher":{"@id":"https:\/\/ga-p.com\/pt-pt\/#organization"},"potentialAction":[{"@type":"SearchAction","target":{"@type":"EntryPoint","urlTemplate":"https:\/\/ga-p.com\/pt-pt\/?s={search_term_string}"},"query-input":{"@type":"PropertyValueSpecification","valueRequired":true,"valueName":"search_term_string"}}],"inLanguage":"pt-PT"},{"@type":"Organization","@id":"https:\/\/ga-p.com\/pt-pt\/#organization","name":"Despacho de abogados G\u00f3mez-Acebo & Pombo","url":"https:\/\/ga-p.com\/pt-pt\/","logo":{"@type":"ImageObject","inLanguage":"pt-PT","@id":"https:\/\/ga-p.com\/pt-pt\/#\/schema\/logo\/image\/","url":"https:\/\/ga-p.com\/wp-content\/uploads\/2024\/09\/Logo-1-1.svg","contentUrl":"https:\/\/ga-p.com\/wp-content\/uploads\/2024\/09\/Logo-1-1.svg","caption":"Despacho de abogados G\u00f3mez-Acebo & Pombo"},"image":{"@id":"https:\/\/ga-p.com\/pt-pt\/#\/schema\/logo\/image\/"}}]}},"_links":{"self":[{"href":"https:\/\/ga-p.com\/pt-pt\/wp-json\/wp\/v2\/noticia\/375669","targetHints":{"allow":["GET"]}}],"collection":[{"href":"https:\/\/ga-p.com\/pt-pt\/wp-json\/wp\/v2\/noticia"}],"about":[{"href":"https:\/\/ga-p.com\/pt-pt\/wp-json\/wp\/v2\/types\/noticia"}],"wp:attachment":[{"href":"https:\/\/ga-p.com\/pt-pt\/wp-json\/wp\/v2\/media?parent=375669"}],"wp:term":[{"taxonomy":"categoria","embeddable":true,"href":"https:\/\/ga-p.com\/pt-pt\/wp-json\/wp\/v2\/categoria?post=375669"}],"curies":[{"name":"wp","href":"https:\/\/api.w.org\/{rel}","templated":true}]}}